{"id":72855,"date":"2021-08-04T14:18:52","date_gmt":"2021-08-04T17:18:52","guid":{"rendered":"https:\/\/blogdoedvaldomagalhaes.com.br\/?p=72855"},"modified":"2021-08-04T14:18:53","modified_gmt":"2021-08-04T17:18:53","slug":"municipio-de-pocao-no-agreste-de-pernambuco-zera-casos-ativos-de-covid-19","status":"publish","type":"post","link":"https:\/\/blogdoedvaldomagalhaes.com.br\/index.php\/2021\/08\/04\/municipio-de-pocao-no-agreste-de-pernambuco-zera-casos-ativos-de-covid-19\/","title":{"rendered":"Munic\u00edpio de Po\u00e7\u00e3o, no Agreste de Pernambuco, zera casos ativos de Covid-19"},"content":{"rendered":"<p style=\"text-align: justify;\"><span style=\"font-size: inherit;\">O munic\u00edpio de Po\u00e7\u00e3o, localizado no Agreste de Pernambuco, informou nessa ter\u00e7a-feira (3) que os casos ativos internos e em domic\u00edlio de pessoas infectados pela Covid-19 est\u00e3o zerados na cidade.<\/span><\/p>\n<p style=\"text-align: justify;\">A informa\u00e7\u00e3o foi divulgada pela pelas redes sociais da Secretaria Municipal de Sa\u00fade, que afirmou a alegria de zerar os casos, mas ainda refor\u00e7ou que \u00e9 necess\u00e1rio continuar seguindo todas as medidas de seguran\u00e7a contra a Covid-19.<\/p>\n<p style=\"text-align: justify;\">Atualmente, o munic\u00edpio est\u00e1 vacinando pessoas acima de 24 anos e j\u00e1 aplicou 7.975 doses de imunizantes contra a Covid-19. Dessas, 5.752 foram de 1\u00aa dose, 2.131 da 2\u00aa dose e 92 doses \u00fanicas.<\/p>\n<p>Foto: Reprodu\u00e7\u00e3o\/WhatsApp.<\/p>\n","protected":false},"excerpt":{"rendered":"<p>O munic\u00edpio de Po\u00e7\u00e3o, localizado no Agreste de Pernambuco, informou nessa ter\u00e7a-feira (3) que os casos ativos internos e em&hellip;<\/p>\n","protected":false},"author":1,"featured_media":72856,"comment_status":"open","ping_status":"open","sticky":false,"template":"","format":"standard","meta":{"footnotes":""},"categories":[14120],"tags":[2,19532,22360,1950],"class_list":["post-72855","post","type-post","status-publish","format-standard","has-post-thumbnail","hentry","category-noticias","tag-blog-do-edvaldo-magalhaes","tag-blog-mais-acessado-e-visualizado-de-caruaru-e-regiao","tag-municipio-de-pocao-no-agreste-de-pernambuco-zera-casos-ativos-de-covid-19","tag-noticias-de-caruaru"],"_links":{"self":[{"href":"https:\/\/blogdoedvaldomagalhaes.com.br\/index.php\/wp-json\/wp\/v2\/posts\/72855","targetHints":{"allow":["GET"]}}],"collection":[{"href":"https:\/\/blogdoedvaldomagalhaes.com.br\/index.php\/wp-json\/wp\/v2\/posts"}],"about":[{"href":"https:\/\/blogdoedvaldomagalhaes.com.br\/index.php\/wp-json\/wp\/v2\/types\/post"}],"author":[{"embeddable":true,"href":"https:\/\/blogdoedvaldomagalhaes.com.br\/index.php\/wp-json\/wp\/v2\/users\/1"}],"replies":[{"embeddable":true,"href":"https:\/\/blogdoedvaldomagalhaes.com.br\/index.php\/wp-json\/wp\/v2\/comments?post=72855"}],"version-history":[{"count":1,"href":"https:\/\/blogdoedvaldomagalhaes.com.br\/index.php\/wp-json\/wp\/v2\/posts\/72855\/revisions"}],"predecessor-version":[{"id":72857,"href":"https:\/\/blogdoedvaldomagalhaes.com.br\/index.php\/wp-json\/wp\/v2\/posts\/72855\/revisions\/72857"}],"wp:featuredmedia":[{"embeddable":true,"href":"https:\/\/blogdoedvaldomagalhaes.com.br\/index.php\/wp-json\/wp\/v2\/media\/72856"}],"wp:attachment":[{"href":"https:\/\/blogdoedvaldomagalhaes.com.br\/index.php\/wp-json\/wp\/v2\/media?parent=72855"}],"wp:term":[{"taxonomy":"category","embeddable":true,"href":"https:\/\/blogdoedvaldomagalhaes.com.br\/index.php\/wp-json\/wp\/v2\/categories?post=72855"},{"taxonomy":"post_tag","embeddable":true,"href":"https:\/\/blogdoedvaldomagalhaes.com.br\/index.php\/wp-json\/wp\/v2\/tags?post=72855"}],"curies":[{"name":"wp","href":"https:\/\/api.w.org\/{rel}","templated":true}]}}