{"id":72852,"date":"2021-08-04T13:51:03","date_gmt":"2021-08-04T16:51:03","guid":{"rendered":"https:\/\/blogdoedvaldomagalhaes.com.br\/?p=72852"},"modified":"2021-08-04T13:51:05","modified_gmt":"2021-08-04T16:51:05","slug":"festa-de-nossa-senhora-da-assuncao-de-5-a-15-de-agosto-em-caruaru-confira","status":"publish","type":"post","link":"https:\/\/blogdoedvaldomagalhaes.com.br\/index.php\/2021\/08\/04\/festa-de-nossa-senhora-da-assuncao-de-5-a-15-de-agosto-em-caruaru-confira\/","title":{"rendered":"Festa de Nossa Senhora da Assun\u00e7\u00e3o de 5 a 15 de agosto em Caruaru; Confira"},"content":{"rendered":"<p style=\"text-align: justify;\"><span style=\"font-size: inherit;\">A solenidade da Assun\u00e7\u00e3o de Maria \u00e9 celebrada pela Igreja Cat\u00f3lica sempre no m\u00eas de agosto. Em comemora\u00e7\u00e3o \u00e0 data, a Par\u00f3quia de Nossa Senhora da Assun\u00e7\u00e3o, em Caruaru, celebra de 5 a 15 de agosto a 27\u00aa festa em honra \u00e0 sua padroeira. A programa\u00e7\u00e3o deste ano ir\u00e1 refletir o tema \u201cFazei tudo o que Ele vos disser\u201d e conta com celebra\u00e7\u00f5es eucar\u00edsticas, novena e quermesse com participa\u00e7\u00e3o de atra\u00e7\u00f5es culturais.<\/span><\/p>\n<p style=\"text-align: justify;\">A programa\u00e7\u00e3o de cada noite come\u00e7a \u00e0s 19h, com a novena seguida da celebra\u00e7\u00e3o da Santa Missa. No encerramento da festa, no dia 15 de agosto, haver\u00e1 celebra\u00e7\u00e3o de tr\u00eas missas, sendo a \u00faltima delas presidida pelo bispo diocesano, Dom Jos\u00e9 Ruy, \u00e0s 18h. Neste dia, antes da missa, haver\u00e1 uma carreata com o andor de Nossa Senhora da Assun\u00e7\u00e3o pelas ruas dos bairros Indian\u00f3polis e Jos\u00e9 Liberato.<\/p>\n<p style=\"text-align: justify;\">Uma das novidades desta edi\u00e7\u00e3o da festa \u00e9 o retorno da quermesse com a participa\u00e7\u00e3o de atra\u00e7\u00f5es culturais. Neste ano, em virtude da pandemia da Covid-19, ser\u00e3o adotados novos cuidados para prevenir a contamina\u00e7\u00e3o. A m\u00fasica ao vivo ser\u00e1 apenas ac\u00fastica e n\u00e3o haver\u00e1 espa\u00e7o para perman\u00eancia dos fi\u00e9is no local ap\u00f3s a compra dos lanches nos pontos de venda que ficar\u00e3o na \u00e1rea externa da igreja.<\/p>\n<p style=\"text-align: justify;\">\u201cA quermesse nos recorda uma tradi\u00e7\u00e3o popular, que faz parte da celebra\u00e7\u00e3o da festa de uma par\u00f3quia e ao mesmo tempo nos ajuda a confraternizar. \u00c9 uma oportunidade para celebrarmos diante das dificuldades deste tempo em que vivemos e fazer transbordar a alegria que vivemos na celebra\u00e7\u00e3o do altar\u201d, destaca o administrador paroquial, Pe. Augusto Fagn\u00ea.<\/p>\n<p style=\"text-align: justify;\">Em cumprimento \u00e0s medidas de preven\u00e7\u00e3o \u00e0 Covid-19, estabelecidas pelo Governo de Pernambuco, \u00e9 limitada a quantidade de fi\u00e9is dentro da igreja. Por isso, quem desejar participar das celebra\u00e7\u00f5es deve agendar previamente atrav\u00e9s do link: https:\/\/linktr.ee\/assuncaocaruaru.<\/p>\n<p style=\"text-align: justify;\">*Confira a programa\u00e7\u00e3o completa* \u2013<\/p>\n<p style=\"text-align: justify;\">5 de agosto<br \/>\n19h \u2013 Celebrante: Pe. Augusto Fagn\u00ea (Par\u00f3quia Nossa Senhora da Assun\u00e7\u00e3o)<br \/>\nAtra\u00e7\u00e3o cultural: Erisson Porto<\/p>\n<p style=\"text-align: justify;\">6 de agosto<br \/>\n19h \u2013 Celebrante: Pe. Adenilton Mois\u00e9s (Par\u00f3quia Nossa Senhora das Gra\u00e7as \u2013 Gravat\u00e1)<br \/>\nAtra\u00e7\u00e3o cultural: Trio Tabajara<\/p>\n<p style=\"text-align: justify;\">7 de agosto<br \/>\n19h \u2013 Celebrante: Pe. Alexsandro Jorge (Par\u00f3quia S\u00e3o Jos\u00e9)<br \/>\nAtra\u00e7\u00e3o cultural: Jessy Black<\/p>\n<p style=\"text-align: justify;\">8 de agosto<br \/>\n19h \u2013 Celebrante: Pe. Alu\u00edzio Ricardo (Semin\u00e1rio Interdiocesano Nossa Senhora das Dores)<br \/>\nAtra\u00e7\u00e3o cultural: Elias Guinho<\/p>\n<p style=\"text-align: justify;\">9 de agosto<br \/>\n19h \u2013 Celebrante: Pe. F\u00e1bio Soares (Reitor do Semin\u00e1rio S\u00e3o Jos\u00e9 \u2013 Garanhuns)<\/p>\n<p style=\"text-align: justify;\">10 de agosto<br \/>\n19h \u2013 Celebrante: Pe. Wilson Nunes (Par\u00f3quia Senhor Bom Jesus dos Aflitos e S\u00e3o Miguel)<br \/>\nAtra\u00e7\u00e3o cultural: Albanita de C\u00e1ssia<\/p>\n<p style=\"text-align: justify;\">11 de agosto<br \/>\n19h \u2013 Celebrante: Pe. Jos\u00e9 Adjacl\u00e9cio (\u00c1rea Pastoral Nossa Senhora da Salette)<br \/>\nAtra\u00e7\u00e3o cultural: Filhos da Assun\u00e7\u00e3o<\/p>\n<p style=\"text-align: justify;\">12 de agosto<br \/>\n19h \u2013 Celebrante: Pe. S\u00e9rgio Manoel<br \/>\nAtra\u00e7\u00e3o cultural: Rosimar Lemos<\/p>\n<p style=\"text-align: justify;\">13 de agosto<br \/>\n19h \u2013 Celebrante: Pe. Jos\u00e9 Valter (Par\u00f3quia Nossa Senhora do Ros\u00e1rio)<br \/>\nAtra\u00e7\u00e3o cultural: Roberto e Larissa<\/p>\n<p style=\"text-align: justify;\">14 de agosto<br \/>\n19h \u2013 Celebrante: Pe. Zenilson Tib\u00facio (Catedral Nossa Senhora das Dores)<br \/>\nAtra\u00e7\u00e3o cultural: Minist\u00e9rio S\u00e3o Miguel<\/p>\n<p style=\"text-align: justify;\">15 de agosto<br \/>\n8h \u2013 Celebrante: Pe. Renan Sebasti\u00e3o (Reitor do Semin\u00e1rio Interdiocesano Nossa Senhora das Dores)<br \/>\n11h \u2013 Celebrante: Pe. Luciano Bertoldo (\u00c1rea Pastoral Sagrado Cora\u00e7\u00e3o de Jesus)<\/p>\n<p style=\"text-align: justify;\">18h \u2013 Celebrante: Dom Jos\u00e9 Ruy<br \/>\nAtra\u00e7\u00e3o Cultural: Banda da Pol\u00edcia<\/p>\n","protected":false},"excerpt":{"rendered":"<p>A solenidade da Assun\u00e7\u00e3o de Maria \u00e9 celebrada pela Igreja Cat\u00f3lica sempre no m\u00eas de agosto. Em comemora\u00e7\u00e3o \u00e0 data,&hellip;<\/p>\n","protected":false},"author":1,"featured_media":72853,"comment_status":"open","ping_status":"open","sticky":false,"template":"","format":"standard","meta":{"footnotes":""},"categories":[14120],"tags":[2,19532,22359,1950],"class_list":["post-72852","post","type-post","status-publish","format-standard","has-post-thumbnail","hentry","category-noticias","tag-blog-do-edvaldo-magalhaes","tag-blog-mais-acessado-e-visualizado-de-caruaru-e-regiao","tag-festa-de-nossa-senhora-da-assuncao-de-5-a-15-de-agosto-em-caruaru-confira","tag-noticias-de-caruaru"],"_links":{"self":[{"href":"https:\/\/blogdoedvaldomagalhaes.com.br\/index.php\/wp-json\/wp\/v2\/posts\/72852","targetHints":{"allow":["GET"]}}],"collection":[{"href":"https:\/\/blogdoedvaldomagalhaes.com.br\/index.php\/wp-json\/wp\/v2\/posts"}],"about":[{"href":"https:\/\/blogdoedvaldomagalhaes.com.br\/index.php\/wp-json\/wp\/v2\/types\/post"}],"author":[{"embeddable":true,"href":"https:\/\/blogdoedvaldomagalhaes.com.br\/index.php\/wp-json\/wp\/v2\/users\/1"}],"replies":[{"embeddable":true,"href":"https:\/\/blogdoedvaldomagalhaes.com.br\/index.php\/wp-json\/wp\/v2\/comments?post=72852"}],"version-history":[{"count":1,"href":"https:\/\/blogdoedvaldomagalhaes.com.br\/index.php\/wp-json\/wp\/v2\/posts\/72852\/revisions"}],"predecessor-version":[{"id":72854,"href":"https:\/\/blogdoedvaldomagalhaes.com.br\/index.php\/wp-json\/wp\/v2\/posts\/72852\/revisions\/72854"}],"wp:featuredmedia":[{"embeddable":true,"href":"https:\/\/blogdoedvaldomagalhaes.com.br\/index.php\/wp-json\/wp\/v2\/media\/72853"}],"wp:attachment":[{"href":"https:\/\/blogdoedvaldomagalhaes.com.br\/index.php\/wp-json\/wp\/v2\/media?parent=72852"}],"wp:term":[{"taxonomy":"category","embeddable":true,"href":"https:\/\/blogdoedvaldomagalhaes.com.br\/index.php\/wp-json\/wp\/v2\/categories?post=72852"},{"taxonomy":"post_tag","embeddable":true,"href":"https:\/\/blogdoedvaldomagalhaes.com.br\/index.php\/wp-json\/wp\/v2\/tags?post=72852"}],"curies":[{"name":"wp","href":"https:\/\/api.w.org\/{rel}","templated":true}]}}