{"id":7285,"date":"2016-12-23T17:17:00","date_gmt":"2016-12-23T19:17:00","guid":{"rendered":"http:\/\/blogdoedvaldomagalhaes.com.br\/index.php\/2016\/12\/23\/aprovado-aumento-de-r-3-mil-para\/"},"modified":"2019-02-09T01:11:26","modified_gmt":"2019-02-09T03:11:26","slug":"aprovado-aumento-de-r-3-mil-para","status":"publish","type":"post","link":"https:\/\/blogdoedvaldomagalhaes.com.br\/index.php\/2016\/12\/23\/aprovado-aumento-de-r-3-mil-para\/","title":{"rendered":"Aprovado aumento de R$ 3 mil para Secret\u00e1rios de Caruaru e dois vereadores votaram contra"},"content":{"rendered":"<div class=\"separator\" style=\"clear: both; text-align: center;\">\n<a href=\"https:\/\/2.bp.blogspot.com\/-IWMX3cP6FYo\/WF1bGqjGgcI\/AAAAAAAAMN8\/ipP2JY8X3gQ4LIUxMVTMIOWw_rbtnndiQCLcB\/s1600\/camara.jpg\" imageanchor=\"1\" style=\"margin-left: 1em; margin-right: 1em;\"><img loading=\"lazy\" decoding=\"async\" border=\"0\" height=\"300\" src=\"http:\/\/blogdoedvaldomagalhaes.com.br\/wp-content\/uploads\/2016\/12\/camara-2.jpg\" width=\"400\" \/><\/a><\/div>\n<div class=\"separator\" style=\"clear: both; text-align: center;\">\n<i style=\"text-align: start;\">Foto: Victor Vargas\/AscomC\u00e2mara<\/i><\/div>\n<div class=\"MsoNormal\" style=\"text-align: justify;\">\n<\/div>\n<div class=\"MsoNormal\" style=\"text-align: justify;\">\nNa manh\u00e3 desta<br \/>\n      sexta-feira (23) a<br \/>\n      C\u00e2mara Municipal de Caruaru realizou a 75\u00aa reuni\u00e3o p\u00fablica<br \/>\n      ordin\u00e1ria, a \u00faltima<br \/>\n      da 4\u00aa sess\u00e3o legislativa e desta 16\u00aa legislatura. A Casa aprovou a<br \/>\n      Ordem do Dia<br \/>\n      com dezoito proposituras \u2013 oito projetos de lei, oito projetos de<br \/>\n      decreto<br \/>\n      legislativo e dois requerimentos. Os destaques foram os projetos<br \/>\n      de lei<br \/>\n      enviados pelo Executivo, que solicitou desafeta\u00e7\u00e3o e autoriza\u00e7\u00e3o<br \/>\n      de doa\u00e7\u00e3o de<br \/>\n      \u00e1rea de terreno urbano no Distrito Industrial, defini\u00e7\u00e3o dos<br \/>\n      Im\u00f3veis Especiais<br \/>\n      de Preserva\u00e7\u00e3o \u2013 IEP e a declara\u00e7\u00e3o de utilidade p\u00fablica para a<br \/>\n      Associa\u00e7\u00e3o Moto<br \/>\n      Clube \u00c1guias do Agreste.<u><\/u><u><\/u><\/div>\n<div class=\"MsoNormal\" style=\"text-align: justify;\">\n<\/div>\n<div class=\"MsoNormal\" style=\"text-align: justify;\">\nOs vereadores<br \/>\n      aprovaram ainda o<br \/>\n      Projeto de Lei n\u00ba 7.224, de autoria da Mesa Diretora da C\u00e2mara,<br \/>\n      acrescido de<br \/>\n      emenda modificativa, concedendo reajuste nos vencimentos da<br \/>\n      prefeita eleita Raquel<br \/>\n      Lyra, do vice-prefeito Rodrigo Pinheiro (ambos do PSDB) e dos<br \/>\n      secret\u00e1rios<br \/>\n      municipais. Por lei, esta corre\u00e7\u00e3o salarial deve ser votada antes<br \/>\n      do in\u00edcio de<br \/>\n      cada gest\u00e3o para poder entrar em vigor. Apenas dois dos vereadores<br \/>\n      presentes<br \/>\n      votaram contra: Marcelo Gomes (PSB) e Eduardo Cantarelli (PMDB),<br \/>\n      que<br \/>\n      consideraram que, ainda que previsto em lei, o momento econ\u00f4mico<br \/>\n      n\u00e3o \u00e9<br \/>\n      favor\u00e1vel.<u><\/u><u><\/u><\/div>\n<div class=\"MsoNormal\" style=\"text-align: justify;\">\n<\/div>\n<div class=\"MsoNormal\" style=\"text-align: justify;\">\nTamb\u00e9m aprovados<br \/>\n      projetos de lei nominando<br \/>\n      ruas no Loteamento Vila Andorinha I e no Bairro Cidade Jardim,<br \/>\n      projetos de<br \/>\n      decreto legislativo concedendo a Medalha de Honra ao M\u00e9rito<br \/>\n      Professor Amaro<br \/>\n      Matias a professores de uma faculdade particular e dois<br \/>\n      requerimentos dos vereadores<br \/>\n      Gilberto de Dora (PSDB) e Rodrigues da Ceaca (PRTB).<u><\/u><u><\/u><\/div>\n<div class=\"MsoNormal\" style=\"text-align: justify;\">\n<\/div>\n<div class=\"MsoNormal\" style=\"text-align: justify;\">\nAs reuni\u00f5es p\u00fablicas<br \/>\n      ordin\u00e1rias agora<br \/>\n      s\u00f3 voltam a ser realizadas em fevereiro, ap\u00f3s o final do recesso<br \/>\n      parlamentar. O<br \/>\n      expediente na C\u00e2mara, no entanto, segue inalterado, de segunda a<br \/>\n      sexta, das 7h<br \/>\n      \u00e0s 13h. <u><\/u><u><\/u><\/div>\n<div class=\"m_3750282571094975075MsoNoSpacing\" style=\"text-align: justify;\">\n<i><br \/><\/i><\/div>\n<div class=\"m_3750282571094975075MsoNoSpacing\" style=\"text-align: justify;\">\n<i>Fonte: Guanabara<br \/>\n        Comunica\u00e7\u00e3o\/AscomC\u00e2mara<u><\/u><u><\/u><\/i><\/div>\n<p><\/p>\n<div class=\"m_3750282571094975075MsoNoSpacing\">\n<\/div>\n","protected":false},"excerpt":{"rendered":"<p>Foto: Victor Vargas\/AscomC\u00e2mara Na manh\u00e3 desta sexta-feira (23) a C\u00e2mara Municipal de Caruaru realizou a 75\u00aa reuni\u00e3o p\u00fablica ordin\u00e1ria, a&hellip;<\/p>\n","protected":false},"author":1,"featured_media":0,"comment_status":"open","ping_status":"open","sticky":false,"template":"","format":"standard","meta":{"footnotes":""},"categories":[1],"tags":[10174,2,4476,10175,10176,379,20],"class_list":["post-7285","post","type-post","status-publish","format-standard","hentry","category-sem-categoria","tag-aprovado-aumento-de-r-3-mil-para-secretarios-de-caruaru-e-dois-vereadores-votaram-contra","tag-blog-do-edvaldo-magalhaes","tag-camara-de-vereadores-de-caruaru","tag-eduarod-cantarelli","tag-iep","tag-marcelo-gomes","tag-politica"],"_links":{"self":[{"href":"https:\/\/blogdoedvaldomagalhaes.com.br\/index.php\/wp-json\/wp\/v2\/posts\/7285","targetHints":{"allow":["GET"]}}],"collection":[{"href":"https:\/\/blogdoedvaldomagalhaes.com.br\/index.php\/wp-json\/wp\/v2\/posts"}],"about":[{"href":"https:\/\/blogdoedvaldomagalhaes.com.br\/index.php\/wp-json\/wp\/v2\/types\/post"}],"author":[{"embeddable":true,"href":"https:\/\/blogdoedvaldomagalhaes.com.br\/index.php\/wp-json\/wp\/v2\/users\/1"}],"replies":[{"embeddable":true,"href":"https:\/\/blogdoedvaldomagalhaes.com.br\/index.php\/wp-json\/wp\/v2\/comments?post=7285"}],"version-history":[{"count":1,"href":"https:\/\/blogdoedvaldomagalhaes.com.br\/index.php\/wp-json\/wp\/v2\/posts\/7285\/revisions"}],"predecessor-version":[{"id":15375,"href":"https:\/\/blogdoedvaldomagalhaes.com.br\/index.php\/wp-json\/wp\/v2\/posts\/7285\/revisions\/15375"}],"wp:attachment":[{"href":"https:\/\/blogdoedvaldomagalhaes.com.br\/index.php\/wp-json\/wp\/v2\/media?parent=7285"}],"wp:term":[{"taxonomy":"category","embeddable":true,"href":"https:\/\/blogdoedvaldomagalhaes.com.br\/index.php\/wp-json\/wp\/v2\/categories?post=7285"},{"taxonomy":"post_tag","embeddable":true,"href":"https:\/\/blogdoedvaldomagalhaes.com.br\/index.php\/wp-json\/wp\/v2\/tags?post=7285"}],"curies":[{"name":"wp","href":"https:\/\/api.w.org\/{rel}","templated":true}]}}