{"id":72849,"date":"2021-08-04T13:24:12","date_gmt":"2021-08-04T16:24:12","guid":{"rendered":"https:\/\/blogdoedvaldomagalhaes.com.br\/?p=72849"},"modified":"2021-08-06T18:26:46","modified_gmt":"2021-08-06T21:26:46","slug":"mais-da-metade-da-pessoas-acima-dos-18-anos-de-idade-recebeu-a-1a-da-vacina-contra-covid-19-em-taquaritinga-do-norte","status":"publish","type":"post","link":"https:\/\/blogdoedvaldomagalhaes.com.br\/index.php\/2021\/08\/04\/mais-da-metade-da-pessoas-acima-dos-18-anos-de-idade-recebeu-a-1a-da-vacina-contra-covid-19-em-taquaritinga-do-norte\/","title":{"rendered":"Mais da metade das pessoas acima dos 18 anos de idade recebeu a 1\u00aa dose da vacina contra covid-19 em Taquaritinga do Norte"},"content":{"rendered":"<p style=\"text-align: justify;\"><span style=\"font-size: inherit;\">Taquaritinga do Norte comemora a marca de mais de 50% da popula\u00e7\u00e3o, com mais de 18 anos, que j\u00e1 recebeu a primeira dose da vacina contra a COVID-19. De acordo com o Vacin\u00f4metro Municipal, a Terra do Caf\u00e9 j\u00e1 alcan\u00e7ou a marca de 14.770 pessoas imunizadas, divididas entre dose 01 (9.512), dose 02 (4.239), dose \u00fanica (135). O quantitativo equivale a D1 &#8211; 58,9% da popula\u00e7\u00e3o vacinada e D2 &#8211; 26,7%. A marca foi atingida ontem (03), com a divulga\u00e7\u00e3o do n\u00famero de vacinados.<\/span><\/p>\n<p style=\"text-align: justify;\">De acordo com o boletim Epidemiol\u00f3gico, apenas duas pessoas est\u00e3o se recuperando da COVID \u2013 19 no munic\u00edpio, tr\u00eas casos est\u00e3o em investiga\u00e7\u00e3o e 1318 pessoas recuperadas. O munic\u00edpio contabiliza 33 \u00f3bitos desde o inicio da pandemia. O \u00faltimo \u00f3bito registrado no munic\u00edpio dia 19 de Junho de 2021.<br \/>\nA Secret\u00e1ria de Sa\u00fade, Poliana Santana, comemora a diminui\u00e7\u00e3o dos casos e destaca a import\u00e2ncia da vacina\u00e7\u00e3o. \u201cQuando chegar a sua vez de vacinar, vacine-se! Os n\u00fameros de casos est\u00e3o diminuindo gra\u00e7as a grande imuniza\u00e7\u00e3o que estamos realizando em nosso munic\u00edpio. J\u00e1 ultrapassamos os 58% da popula\u00e7\u00e3o imunizada com a dose 01, isso mostra que estamos no caminho certo e vamos logo vencer a COVID-19. E se voc\u00ea j\u00e1 foi vacinado, continue usando m\u00e1scara, respeitando as normas para controle da prolifera\u00e7\u00e3o da doen\u00e7a. Porque mesmo imune, voc\u00ea ainda pode infectar outras pessoas\u201d, completou.<br \/>\nAtualmente, o munic\u00edpio est\u00e1 imunizando as pessoas com 35 anos ou mais e os trabalhadores industriais com idade superior a 30 anos, Se voc\u00ea faz parte desses grupos j\u00e1 pode procurar um dos nossos Postos de Sa\u00fade da Fam\u00edlia.<\/p>\n","protected":false},"excerpt":{"rendered":"<p>Taquaritinga do Norte comemora a marca de mais de 50% da popula\u00e7\u00e3o, com mais de 18 anos, que j\u00e1 recebeu&hellip;<\/p>\n","protected":false},"author":1,"featured_media":72850,"comment_status":"open","ping_status":"open","sticky":false,"template":"","format":"standard","meta":{"footnotes":""},"categories":[14120],"tags":[2,19532,22358,1950,19670],"class_list":["post-72849","post","type-post","status-publish","format-standard","has-post-thumbnail","hentry","category-noticias","tag-blog-do-edvaldo-magalhaes","tag-blog-mais-acessado-e-visualizado-de-caruaru-e-regiao","tag-mais-da-metade-da-populacao-acima-dos-18-anos-de-idade-recebeu-a-1a-da-vacina-contra-covid-19-em-taquaritinga-do-norte","tag-noticias-de-caruaru","tag-novo-coronavirus"],"_links":{"self":[{"href":"https:\/\/blogdoedvaldomagalhaes.com.br\/index.php\/wp-json\/wp\/v2\/posts\/72849","targetHints":{"allow":["GET"]}}],"collection":[{"href":"https:\/\/blogdoedvaldomagalhaes.com.br\/index.php\/wp-json\/wp\/v2\/posts"}],"about":[{"href":"https:\/\/blogdoedvaldomagalhaes.com.br\/index.php\/wp-json\/wp\/v2\/types\/post"}],"author":[{"embeddable":true,"href":"https:\/\/blogdoedvaldomagalhaes.com.br\/index.php\/wp-json\/wp\/v2\/users\/1"}],"replies":[{"embeddable":true,"href":"https:\/\/blogdoedvaldomagalhaes.com.br\/index.php\/wp-json\/wp\/v2\/comments?post=72849"}],"version-history":[{"count":3,"href":"https:\/\/blogdoedvaldomagalhaes.com.br\/index.php\/wp-json\/wp\/v2\/posts\/72849\/revisions"}],"predecessor-version":[{"id":72971,"href":"https:\/\/blogdoedvaldomagalhaes.com.br\/index.php\/wp-json\/wp\/v2\/posts\/72849\/revisions\/72971"}],"wp:featuredmedia":[{"embeddable":true,"href":"https:\/\/blogdoedvaldomagalhaes.com.br\/index.php\/wp-json\/wp\/v2\/media\/72850"}],"wp:attachment":[{"href":"https:\/\/blogdoedvaldomagalhaes.com.br\/index.php\/wp-json\/wp\/v2\/media?parent=72849"}],"wp:term":[{"taxonomy":"category","embeddable":true,"href":"https:\/\/blogdoedvaldomagalhaes.com.br\/index.php\/wp-json\/wp\/v2\/categories?post=72849"},{"taxonomy":"post_tag","embeddable":true,"href":"https:\/\/blogdoedvaldomagalhaes.com.br\/index.php\/wp-json\/wp\/v2\/tags?post=72849"}],"curies":[{"name":"wp","href":"https:\/\/api.w.org\/{rel}","templated":true}]}}