{"id":72841,"date":"2021-08-04T09:48:09","date_gmt":"2021-08-04T12:48:09","guid":{"rendered":"https:\/\/blogdoedvaldomagalhaes.com.br\/?p=72841"},"modified":"2021-08-04T09:48:11","modified_gmt":"2021-08-04T12:48:11","slug":"nova-sede-da-oab-caruaru-e-inaugurada-oficialmente-com-presenca-de-autoridades","status":"publish","type":"post","link":"https:\/\/blogdoedvaldomagalhaes.com.br\/index.php\/2021\/08\/04\/nova-sede-da-oab-caruaru-e-inaugurada-oficialmente-com-presenca-de-autoridades\/","title":{"rendered":"Nova sede da OAB Caruaru \u00e9 inaugurada oficialmente com presen\u00e7a de autoridades"},"content":{"rendered":"<p style=\"text-align: justify;\">A nova sede da OAB Caruaru, foi inaugurada oficialmente na tarde dessa ter\u00e7a-feira (03). A cerim\u00f4nia contou com a presen\u00e7a do presidente da OAB Nacional, Felipe Santa Cruz, e de autoridades.<\/p>\n<p style=\"text-align: justify;\">Constru\u00eddo em menos de um ano, o espa\u00e7o \u00e9 uma conquista para a advocacia do interior de Pernambuco. As celebra\u00e7\u00f5es de inaugura\u00e7\u00e3o foram iniciadas em julho \u00faltimo, de forma descentralizada.<\/p>\n\n\n<figure class=\"wp-block-image size-large\"><img loading=\"lazy\" decoding=\"async\" width=\"1024\" height=\"850\" src=\"https:\/\/blogdoedvaldomagalhaes.com.br\/wp-content\/uploads\/2021\/08\/IMG-20210803-WA0235-1024x850.jpg\" alt=\"\" class=\"wp-image-72843\" srcset=\"https:\/\/blogdoedvaldomagalhaes.com.br\/wp-content\/uploads\/2021\/08\/IMG-20210803-WA0235-1024x850.jpg 1024w, https:\/\/blogdoedvaldomagalhaes.com.br\/wp-content\/uploads\/2021\/08\/IMG-20210803-WA0235-300x249.jpg 300w, https:\/\/blogdoedvaldomagalhaes.com.br\/wp-content\/uploads\/2021\/08\/IMG-20210803-WA0235-768x637.jpg 768w, https:\/\/blogdoedvaldomagalhaes.com.br\/wp-content\/uploads\/2021\/08\/IMG-20210803-WA0235.jpg 1080w\" sizes=\"auto, (max-width: 1024px) 100vw, 1024px\" \/><\/figure>\n\n\n<p style=\"text-align: justify;\"><span style=\"font-size: inherit;\">V\u00e1rias autoridades participaram da solenidade, entre elas a prefeita Raquel Lyra, o ex-governador Jo\u00e3o Lyra Neto, os deputados estaduais Tony Gel (foto) e Erick Lessa.<\/span><\/p>\n<p style=\"text-align: justify;\">Tony parabenizou o presidente Fernando Jr pelo empenho na constru\u00e7\u00e3o da nova sede da OAB Caruaru. E enalteceu a atua\u00e7\u00e3o da entidade no munic\u00edpio. <span style=\"font-size: inherit;\">Ap\u00f3s a solenidade, o parlamentar retornou ao Recife, onde segue com os trabalhos na Assembleia Legislativa de Pernambuco.<\/span><\/p>\n\n\n<p><\/p>\n","protected":false},"excerpt":{"rendered":"<p>A nova sede da OAB Caruaru, foi inaugurada oficialmente na tarde dessa ter\u00e7a-feira (03). A cerim\u00f4nia contou com a presen\u00e7a&hellip;<\/p>\n","protected":false},"author":1,"featured_media":72842,"comment_status":"open","ping_status":"open","sticky":false,"template":"","format":"standard","meta":{"footnotes":""},"categories":[14120],"tags":[2,19532,9402,4661,2567,16754,22356,1229,995],"class_list":["post-72841","post","type-post","status-publish","format-standard","has-post-thumbnail","hentry","category-noticias","tag-blog-do-edvaldo-magalhaes","tag-blog-mais-acessado-e-visualizado-de-caruaru-e-regiao","tag-erick-lessa","tag-fernando-junior","tag-joao-lyra-neto","tag-noticia-de-caruaru","tag-nova-sede-da-oab-caruaru-e-inaugurada-oficialmente-com-presenca-de-autoridades","tag-raquel-lyra","tag-tony-gel"],"_links":{"self":[{"href":"https:\/\/blogdoedvaldomagalhaes.com.br\/index.php\/wp-json\/wp\/v2\/posts\/72841","targetHints":{"allow":["GET"]}}],"collection":[{"href":"https:\/\/blogdoedvaldomagalhaes.com.br\/index.php\/wp-json\/wp\/v2\/posts"}],"about":[{"href":"https:\/\/blogdoedvaldomagalhaes.com.br\/index.php\/wp-json\/wp\/v2\/types\/post"}],"author":[{"embeddable":true,"href":"https:\/\/blogdoedvaldomagalhaes.com.br\/index.php\/wp-json\/wp\/v2\/users\/1"}],"replies":[{"embeddable":true,"href":"https:\/\/blogdoedvaldomagalhaes.com.br\/index.php\/wp-json\/wp\/v2\/comments?post=72841"}],"version-history":[{"count":1,"href":"https:\/\/blogdoedvaldomagalhaes.com.br\/index.php\/wp-json\/wp\/v2\/posts\/72841\/revisions"}],"predecessor-version":[{"id":72844,"href":"https:\/\/blogdoedvaldomagalhaes.com.br\/index.php\/wp-json\/wp\/v2\/posts\/72841\/revisions\/72844"}],"wp:featuredmedia":[{"embeddable":true,"href":"https:\/\/blogdoedvaldomagalhaes.com.br\/index.php\/wp-json\/wp\/v2\/media\/72842"}],"wp:attachment":[{"href":"https:\/\/blogdoedvaldomagalhaes.com.br\/index.php\/wp-json\/wp\/v2\/media?parent=72841"}],"wp:term":[{"taxonomy":"category","embeddable":true,"href":"https:\/\/blogdoedvaldomagalhaes.com.br\/index.php\/wp-json\/wp\/v2\/categories?post=72841"},{"taxonomy":"post_tag","embeddable":true,"href":"https:\/\/blogdoedvaldomagalhaes.com.br\/index.php\/wp-json\/wp\/v2\/tags?post=72841"}],"curies":[{"name":"wp","href":"https:\/\/api.w.org\/{rel}","templated":true}]}}