{"id":72833,"date":"2021-08-04T07:53:17","date_gmt":"2021-08-04T10:53:17","guid":{"rendered":"https:\/\/blogdoedvaldomagalhaes.com.br\/?p=72833"},"modified":"2021-08-04T09:29:56","modified_gmt":"2021-08-04T12:29:56","slug":"morre-em-caruaru-fundadora-do-conselho-municipal-da-pessoa-idosa","status":"publish","type":"post","link":"https:\/\/blogdoedvaldomagalhaes.com.br\/index.php\/2021\/08\/04\/morre-em-caruaru-fundadora-do-conselho-municipal-da-pessoa-idosa\/","title":{"rendered":"Morre em Caruaru fundadora do Conselho Municipal da Pessoa Idosa"},"content":{"rendered":"<p style=\"text-align: justify;\">Morreu nesta ter\u00e7a-feira (03), em Caruaru, a ex-presidente do Conselho Municipal da Pessoa Idosa, Maria Eunice de Albuquerque, onde atuou por d\u00e9cadas. Ela tinha 80 anos e faleceu ap\u00f3s complica\u00e7\u00f5es renais.<\/p>\n<p style=\"text-align: justify;\">O corpo de Dona Eunice, como era conhecida, est\u00e1 sendo velado no Cemit\u00e9rio Eco Memorial, \u00e0s margens da BR-232, e o sepultamento ocorrer\u00e1 nesta quarta-feira (04), \u00e0s 16h.<\/p>\n<p style=\"text-align: justify;\">O atual presidente do Conselho, Roberto Gercino, lamentou a morte de Dona Eunice, lembrando que ela tamb\u00e9m foi a fundadora e nunca se afastou das atividades.<\/p>\n<p>NOTA DE FALECIMENTO<\/p>\n<p style=\"text-align: justify;\">A Prefeitura de Caruaru, atrav\u00e9s da Secretaria de Desenvolvimento Social e Direitos Humanos, por meio do Conselho Municipal da Pessoa Idosa, comunica o falecimento de Maria Eunice de Albuquerque, secret\u00e1ria executiva e fundadora desse conselho. Militante da causa h\u00e1 mais de 30 anos, dona Eunice tinha 80 anos e morreu ap\u00f3s complica\u00e7\u00f5es renais. A nossa solidariedade aos familiares e amigos.<\/p>\n<p>Nota de Pesar<\/p>\n<p style=\"text-align: justify;\">Hoje, Caruaru perdeu uma filha forte e de grande import\u00e2ncia para a cidade. Maria Eunice de Albuquerque foi fundadora do Conselho Municipal da Pessoa Idosa e atuava como secret\u00e1ria executiva. A sua hist\u00f3ria \u00e9 marcada por garra, transformando-a em um s\u00edmbolo e em uma representante nata da luta pelos direitos dos idosos em nossa cidade. Dona Eunice nos deixa um legado de for\u00e7a, luta e conquistas. Aos familiares e amigos, o meu mais profundo respeito e pesar.<\/p>\n<p style=\"text-align: justify;\">Raquel Lyra<br \/>\nPrefeita de Caruaru<\/p>\n","protected":false},"excerpt":{"rendered":"<p>Morreu nesta ter\u00e7a-feira (03), em Caruaru, a ex-presidente do Conselho Municipal da Pessoa Idosa, Maria Eunice de Albuquerque, onde atuou&hellip;<\/p>\n","protected":false},"author":1,"featured_media":72834,"comment_status":"open","ping_status":"open","sticky":false,"template":"","format":"standard","meta":{"footnotes":""},"categories":[14120],"tags":[2,19532,22355,1950],"class_list":["post-72833","post","type-post","status-publish","format-standard","has-post-thumbnail","hentry","category-noticias","tag-blog-do-edvaldo-magalhaes","tag-blog-mais-acessado-e-visualizado-de-caruaru-e-regiao","tag-morre-em-caruaru-fundadora-do-conselho-municipal-da-pessoa-idosa","tag-noticias-de-caruaru"],"_links":{"self":[{"href":"https:\/\/blogdoedvaldomagalhaes.com.br\/index.php\/wp-json\/wp\/v2\/posts\/72833","targetHints":{"allow":["GET"]}}],"collection":[{"href":"https:\/\/blogdoedvaldomagalhaes.com.br\/index.php\/wp-json\/wp\/v2\/posts"}],"about":[{"href":"https:\/\/blogdoedvaldomagalhaes.com.br\/index.php\/wp-json\/wp\/v2\/types\/post"}],"author":[{"embeddable":true,"href":"https:\/\/blogdoedvaldomagalhaes.com.br\/index.php\/wp-json\/wp\/v2\/users\/1"}],"replies":[{"embeddable":true,"href":"https:\/\/blogdoedvaldomagalhaes.com.br\/index.php\/wp-json\/wp\/v2\/comments?post=72833"}],"version-history":[{"count":6,"href":"https:\/\/blogdoedvaldomagalhaes.com.br\/index.php\/wp-json\/wp\/v2\/posts\/72833\/revisions"}],"predecessor-version":[{"id":72840,"href":"https:\/\/blogdoedvaldomagalhaes.com.br\/index.php\/wp-json\/wp\/v2\/posts\/72833\/revisions\/72840"}],"wp:featuredmedia":[{"embeddable":true,"href":"https:\/\/blogdoedvaldomagalhaes.com.br\/index.php\/wp-json\/wp\/v2\/media\/72834"}],"wp:attachment":[{"href":"https:\/\/blogdoedvaldomagalhaes.com.br\/index.php\/wp-json\/wp\/v2\/media?parent=72833"}],"wp:term":[{"taxonomy":"category","embeddable":true,"href":"https:\/\/blogdoedvaldomagalhaes.com.br\/index.php\/wp-json\/wp\/v2\/categories?post=72833"},{"taxonomy":"post_tag","embeddable":true,"href":"https:\/\/blogdoedvaldomagalhaes.com.br\/index.php\/wp-json\/wp\/v2\/tags?post=72833"}],"curies":[{"name":"wp","href":"https:\/\/api.w.org\/{rel}","templated":true}]}}