{"id":7279,"date":"2016-12-23T20:24:00","date_gmt":"2016-12-23T22:24:00","guid":{"rendered":"http:\/\/blogdoedvaldomagalhaes.com.br\/index.php\/2016\/12\/23\/compesa-promove-encontro-com-parceiros\/"},"modified":"2019-02-09T01:11:30","modified_gmt":"2019-02-09T03:11:30","slug":"compesa-promove-encontro-com-parceiros","status":"publish","type":"post","link":"https:\/\/blogdoedvaldomagalhaes.com.br\/index.php\/2016\/12\/23\/compesa-promove-encontro-com-parceiros\/","title":{"rendered":"Compesa promove encontro com parceiros e s\u00f3cio ambientais em Caruaru"},"content":{"rendered":"<div class=\"separator\" style=\"clear: both; text-align: center;\">\n<a href=\"https:\/\/2.bp.blogspot.com\/-PGQkYvbtFKk\/WF2G33Sel1I\/AAAAAAAAMPw\/mae3WK9C4jwMvzZZGTMPrw0rjr8ezbbtwCLcB\/s1600\/comepsa%2B3.jpg\" imageanchor=\"1\" style=\"margin-left: 1em; margin-right: 1em;\"><img loading=\"lazy\" decoding=\"async\" border=\"0\" height=\"221\" src=\"http:\/\/blogdoedvaldomagalhaes.com.br\/wp-content\/uploads\/2016\/12\/comepsa3.jpg\" width=\"400\" \/><\/a><\/div>\n<p><\/p>\n<div class=\"separator\" style=\"clear: both; text-align: center;\">\n<a href=\"https:\/\/4.bp.blogspot.com\/-w1L16k-jo9A\/WF2G7SNOzpI\/AAAAAAAAMP0\/Z6w7o8C2_DUh2_ZMXQPcmacZXnjkE4s1QCLcB\/s1600\/compesa%2B1.jpg\" imageanchor=\"1\" style=\"margin-left: 1em; margin-right: 1em;\"><img loading=\"lazy\" decoding=\"async\" border=\"0\" height=\"221\" src=\"http:\/\/blogdoedvaldomagalhaes.com.br\/wp-content\/uploads\/2016\/12\/compesa1.jpg\" width=\"400\" \/><\/a><\/div>\n<p><\/p>\n<div class=\"separator\" style=\"clear: both; text-align: center;\">\n<a href=\"https:\/\/2.bp.blogspot.com\/-B7GMsjWkooA\/WF2G-qD4qUI\/AAAAAAAAMP4\/nPcKeXYYAY0ZdER2UHC5FpNaidzfHRVWgCLcB\/s1600\/compesa%2B2.jpg\" imageanchor=\"1\" style=\"margin-left: 1em; margin-right: 1em;\"><img loading=\"lazy\" decoding=\"async\" border=\"0\" height=\"221\" src=\"http:\/\/blogdoedvaldomagalhaes.com.br\/wp-content\/uploads\/2016\/12\/compesa2.jpg\" width=\"400\" \/><\/a><\/div>\n<p><\/p>\n<div class=\"separator\" style=\"clear: both; text-align: center;\">\n<a href=\"https:\/\/4.bp.blogspot.com\/-ci59bFfa4Nk\/WF2HCq_zbHI\/AAAAAAAAMP8\/RqFggFZA4w0IQQ9VmoBawW5tVKFMaxWjQCLcB\/s1600\/compesa%2B6.jpg\" imageanchor=\"1\" style=\"margin-left: 1em; margin-right: 1em;\"><img loading=\"lazy\" decoding=\"async\" border=\"0\" height=\"221\" src=\"http:\/\/blogdoedvaldomagalhaes.com.br\/wp-content\/uploads\/2016\/12\/compesa6.jpg\" width=\"400\" \/><\/a><\/div>\n<p><\/p>\n<div class=\"separator\" style=\"clear: both; text-align: center;\">\n<a href=\"https:\/\/4.bp.blogspot.com\/-wU9KII_YFi4\/WF2HEkda2oI\/AAAAAAAAMQA\/dFegaZLB7d4iFfBucXuQ4ZQGn19tnp-FgCLcB\/s1600\/comsa%2B4.jpg\" imageanchor=\"1\" style=\"margin-left: 1em; margin-right: 1em;\"><img loading=\"lazy\" decoding=\"async\" border=\"0\" height=\"221\" src=\"http:\/\/blogdoedvaldomagalhaes.com.br\/wp-content\/uploads\/2016\/12\/comsa4.jpg\" width=\"400\" \/><\/a><\/div>\n<div class=\"separator\" style=\"clear: both; text-align: center;\">\n<\/div>\n<div class=\"separator\" style=\"clear: both; text-align: center;\">\n<a href=\"https:\/\/1.bp.blogspot.com\/-PJQwSFmBzgg\/WF2MD47ypQI\/AAAAAAAAMQQ\/I9ZpttV3Z6USY18fLFpSHm7yZNxFqKyhgCLcB\/s1600\/compesa.jpg\" imageanchor=\"1\" style=\"margin-left: 1em; margin-right: 1em;\"><img loading=\"lazy\" decoding=\"async\" border=\"0\" height=\"221\" src=\"http:\/\/blogdoedvaldomagalhaes.com.br\/wp-content\/uploads\/2016\/12\/compesa.jpg\" width=\"400\" \/><\/a><\/div>\n<div class=\"separator\" style=\"clear: both; text-align: center;\">\n<\/div>\n<div>\n<div class=\"MsoNormal\" style=\"margin-right: 6pt; text-align: justify;\">\nA<br \/>\n Companhia Pernambucana de Saneamento (Compesa) reuniu os parceiros<br \/>\nestrat\u00e9gicos de Caruaru e da regi\u00e3o Agreste, nesta sexta-feira (23),<br \/>\npara apresentar as atividades de responsabilidade social e ambiental<br \/>\nrealizadas no ano de 2016 e a inten\u00e7\u00e3o da empresa em ampliar essas a\u00e7\u00f5es<br \/>\n em 2017. O Encontro Compesa &amp; Parceiros Socioambientais aconteceu<br \/>\nno audit\u00f3rio do Rotary Club de Caruaru e contou com a participa\u00e7\u00e3o &nbsp;de 120<br \/>\n pessoas, entre l\u00edderes comunit\u00e1rios, representantes de empresas, \u00f3rg\u00e3os<br \/>\n governamentais, entidades do Terceiro Setor e formadores de opini\u00e3o.<u><\/u><u><\/u><\/div>\n<\/div>\n<div>\n<div class=\"MsoNormal\" style=\"margin-right: 6pt; text-align: justify;\">\n<\/div>\n<\/div>\n<div>\n<div class=\"MsoNormal\" style=\"margin-right: 6pt; text-align: justify;\">\nA<br \/>\n programa\u00e7\u00e3o do encontro teve como tema os 45 anos da Compesa e<br \/>\napresentou tamb\u00e9m a nova logomarca da empresa, que agregou o compromisso<br \/>\n da empresa com a<br \/>\n responsabilidade socioambiental. Reunimos as lideran\u00e7as comunit\u00e1rias,<br \/>\nrepresentantes de prefeituras e de entidades para mostrar que a Compesa \u00e9<br \/>\n transparente. A empresa est\u00e1 estruturando todo o estado e fazendo as<br \/>\nobras necess\u00e1rias para, quando a chuva chegar, tirar o Agreste dessa<br \/>\nsitua\u00e7\u00e3o t\u00e3o dif\u00edcil. Isso colaborou para construirmos uma rela\u00e7\u00e3o de<br \/>\nparceria com a sociedade, explica Aldo Santos, diretor de Articula\u00e7\u00e3o e<br \/>\nMeio Ambiente. <u><\/u><u><\/u><\/div>\n<\/div>\n<div>\n<div class=\"MsoNormal\" style=\"margin-right: 6pt; text-align: justify;\">\n<\/div>\n<\/div>\n<div>\n<div class=\"MsoNormal\" style=\"margin-right: 6pt; text-align: justify;\">\nO diretor Aldo Santos pontuou a execu\u00e7\u00e3o de dois<br \/>\n programas pela Compesa: o PSA Ipojuca, que tem como meta o saneamento<br \/>\ndas cidades que s\u00e3o cortadas pelo Rio Ipojuca &#8211;&nbsp; destacando as obras que<br \/>\n j\u00e1 est\u00e3o em andamento na cidade de Tacaimb\u00f3; e o PSH (Projeto de<br \/>\nSustentabilidade da Bacia do Rio&nbsp;Capibaribe),&nbsp;que tem como finalidade a<br \/>\nimplanta\u00e7\u00e3o de esgotamento sanit\u00e1rio nos munic\u00edpios cortados pelo Rio<br \/>\nCapibaribe. No encontro, ainda foram entregues brindes aos participantes<br \/>\n e houve atra\u00e7\u00f5es culturais, como o Grupo de Dan\u00e7as Folcl\u00f3ricas Asa<br \/>\nBranca.<u><\/u><u><\/u><\/div>\n<\/div>\n<div>\n<div class=\"MsoNormal\" style=\"margin-right: 6pt; text-align: justify;\">\n<\/div>\n<\/div>\n<div>\n<div class=\"MsoNormal\" style=\"margin-right: 12pt; text-align: justify;\">\nO<br \/>\n diretor regional do Interior da Compesa, Marconi de Azevedo, esteve<br \/>\npresente no evento regional e destacou uma s\u00e9rie de obras de<br \/>\ninfraestrutura que a empresa est\u00e1 realizando no estado, como a Adutora<br \/>\ndo Agreste e a constru\u00e7\u00e3o do Sistema Pirangi, al\u00e9m dos trabalhos do<br \/>\nDnocs (Departamento Nacional de Obras contra as Secas) nos reparos do<br \/>\npared\u00e3o da Barragem de Jucazinho. &#8220;Eventos como este s\u00e3o primordiais<br \/>\npara o desenvolvimento das a\u00e7\u00f5es da Compesa. Com esses parceiros, que<br \/>\ntanto nos cobram, mas tamb\u00e9m colaboram com nosso trabalho, a Compesa<br \/>\nest\u00e1 crescendo no seu planejamento de monitoramento de a\u00e7\u00f5es<br \/>\nsocioambientais&#8221;, defendeu.<\/div>\n<\/div>\n","protected":false},"excerpt":{"rendered":"<p>A Companhia Pernambucana de Saneamento (Compesa) reuniu os parceiros estrat\u00e9gicos de Caruaru e da regi\u00e3o Agreste, nesta sexta-feira (23), para&hellip;<\/p>\n","protected":false},"author":1,"featured_media":0,"comment_status":"open","ping_status":"open","sticky":false,"template":"","format":"standard","meta":{"footnotes":""},"categories":[1],"tags":[2,10162,6],"class_list":["post-7279","post","type-post","status-publish","format-standard","hentry","category-sem-categoria","tag-blog-do-edvaldo-magalhaes","tag-compesa-promove-encontro-com-parceiros-e-socio-ambientais-em-caruaru","tag-noticias"],"_links":{"self":[{"href":"https:\/\/blogdoedvaldomagalhaes.com.br\/index.php\/wp-json\/wp\/v2\/posts\/7279","targetHints":{"allow":["GET"]}}],"collection":[{"href":"https:\/\/blogdoedvaldomagalhaes.com.br\/index.php\/wp-json\/wp\/v2\/posts"}],"about":[{"href":"https:\/\/blogdoedvaldomagalhaes.com.br\/index.php\/wp-json\/wp\/v2\/types\/post"}],"author":[{"embeddable":true,"href":"https:\/\/blogdoedvaldomagalhaes.com.br\/index.php\/wp-json\/wp\/v2\/users\/1"}],"replies":[{"embeddable":true,"href":"https:\/\/blogdoedvaldomagalhaes.com.br\/index.php\/wp-json\/wp\/v2\/comments?post=7279"}],"version-history":[{"count":1,"href":"https:\/\/blogdoedvaldomagalhaes.com.br\/index.php\/wp-json\/wp\/v2\/posts\/7279\/revisions"}],"predecessor-version":[{"id":15395,"href":"https:\/\/blogdoedvaldomagalhaes.com.br\/index.php\/wp-json\/wp\/v2\/posts\/7279\/revisions\/15395"}],"wp:attachment":[{"href":"https:\/\/blogdoedvaldomagalhaes.com.br\/index.php\/wp-json\/wp\/v2\/media?parent=7279"}],"wp:term":[{"taxonomy":"category","embeddable":true,"href":"https:\/\/blogdoedvaldomagalhaes.com.br\/index.php\/wp-json\/wp\/v2\/categories?post=7279"},{"taxonomy":"post_tag","embeddable":true,"href":"https:\/\/blogdoedvaldomagalhaes.com.br\/index.php\/wp-json\/wp\/v2\/tags?post=7279"}],"curies":[{"name":"wp","href":"https:\/\/api.w.org\/{rel}","templated":true}]}}