{"id":7277,"date":"2016-12-24T10:14:00","date_gmt":"2016-12-24T12:14:00","guid":{"rendered":"http:\/\/blogdoedvaldomagalhaes.com.br\/index.php\/2016\/12\/24\/2-aniversario-de-ordenacao-sacerdota\/"},"modified":"2019-02-09T01:11:33","modified_gmt":"2019-02-09T03:11:33","slug":"2-aniversario-de-ordenacao-sacerdota","status":"publish","type":"post","link":"https:\/\/blogdoedvaldomagalhaes.com.br\/index.php\/2016\/12\/24\/2-aniversario-de-ordenacao-sacerdota\/","title":{"rendered":"2\u00ba anivers\u00e1rio de Ordena\u00e7\u00e3o Sacerdotal do Padre Alexsandro foi bem prestigiado"},"content":{"rendered":"<div class=\"separator\" style=\"clear: both; text-align: center;\">\n<a href=\"https:\/\/2.bp.blogspot.com\/-1bxraHf2qF4\/WF5H9-LkMXI\/AAAAAAAAMQw\/qSghlMqGO1oSv1ZOeaHT5_K2h9Duxq6_wCLcB\/s1600\/padre%2B1.jpg\" imageanchor=\"1\" style=\"margin-left: 1em; margin-right: 1em;\"><img loading=\"lazy\" decoding=\"async\" border=\"0\" height=\"400\" src=\"http:\/\/blogdoedvaldomagalhaes.com.br\/wp-content\/uploads\/2016\/12\/padre1.jpg\" width=\"296\" \/><\/a><\/div>\n<p><\/p>\n<div class=\"separator\" style=\"clear: both; text-align: center;\">\n<a href=\"https:\/\/4.bp.blogspot.com\/-6Z7K1Vbd_Bs\/WF5H_qtDW-I\/AAAAAAAAMQ0\/S9wvOzqHog4GdGdkr0KyzhhBtMj8xRb0wCLcB\/s1600\/padre%2B2.jpg\" imageanchor=\"1\" style=\"margin-left: 1em; margin-right: 1em;\"><img loading=\"lazy\" decoding=\"async\" border=\"0\" height=\"400\" src=\"http:\/\/blogdoedvaldomagalhaes.com.br\/wp-content\/uploads\/2016\/12\/padre2.jpg\" width=\"296\" \/><\/a><\/div>\n<p><\/p>\n<div class=\"separator\" style=\"clear: both; text-align: center;\">\n<a href=\"https:\/\/3.bp.blogspot.com\/-qpa7ctL-QUg\/WF5IBB7IonI\/AAAAAAAAMQ4\/kRje_bRPeagvXLQoSueqO6ZpyXSob-hygCLcB\/s1600\/padre%2B3.jpg\" imageanchor=\"1\" style=\"margin-left: 1em; margin-right: 1em;\"><img loading=\"lazy\" decoding=\"async\" border=\"0\" height=\"400\" src=\"http:\/\/blogdoedvaldomagalhaes.com.br\/wp-content\/uploads\/2016\/12\/padre3.jpg\" width=\"252\" \/><\/a><\/div>\n<p><\/p>\n<div class=\"separator\" style=\"clear: both; text-align: center;\">\n<a href=\"https:\/\/2.bp.blogspot.com\/-QFFwVQm3pt8\/WF5IDNxVHLI\/AAAAAAAAMQ8\/jTtjauyuAzwi_8YUBa5v9rqL_a5VZQ-oQCLcB\/s1600\/padre%2B4.jpg\" imageanchor=\"1\" style=\"margin-left: 1em; margin-right: 1em;\"><img loading=\"lazy\" decoding=\"async\" border=\"0\" height=\"400\" src=\"http:\/\/blogdoedvaldomagalhaes.com.br\/wp-content\/uploads\/2016\/12\/padre4.jpg\" width=\"302\" \/><\/a><\/div>\n<p><\/p>\n<div class=\"separator\" style=\"clear: both; text-align: center;\">\n<a href=\"https:\/\/1.bp.blogspot.com\/-Rcgv_RttZy8\/WF5IE_TgeBI\/AAAAAAAAMRA\/H2MaSFfmAag7urwzPMzQjYhtOX0SYqhpwCLcB\/s1600\/padre%2B5.jpg\" imageanchor=\"1\" style=\"margin-left: 1em; margin-right: 1em;\"><img loading=\"lazy\" decoding=\"async\" border=\"0\" height=\"400\" src=\"http:\/\/blogdoedvaldomagalhaes.com.br\/wp-content\/uploads\/2016\/12\/padre5.jpg\" width=\"296\" \/><\/a><\/div>\n<p><\/p>\n<div class=\"separator\" style=\"clear: both; text-align: center;\">\n<a href=\"https:\/\/2.bp.blogspot.com\/-X69fyfve8qQ\/WF5IGuuYknI\/AAAAAAAAMRE\/KPThef6Q2g0-IhKO_y4wc_Gs0zILWHY5QCLcB\/s1600\/padre%2B6.jpg\" imageanchor=\"1\" style=\"margin-left: 1em; margin-right: 1em;\"><img loading=\"lazy\" decoding=\"async\" border=\"0\" height=\"400\" src=\"http:\/\/blogdoedvaldomagalhaes.com.br\/wp-content\/uploads\/2016\/12\/padre6.jpg\" width=\"296\" \/><\/a><\/div>\n<p><\/p>\n<div class=\"separator\" style=\"clear: both; text-align: center;\">\n<a href=\"https:\/\/2.bp.blogspot.com\/-mKmMMeaT4ps\/WF5IJJ0RyQI\/AAAAAAAAMRI\/ErDVL-75qaEP2Jgr6Qg6orpP-Ib7K1H0gCLcB\/s1600\/padre%2B7.jpg\" imageanchor=\"1\" style=\"margin-left: 1em; margin-right: 1em;\"><img loading=\"lazy\" decoding=\"async\" border=\"0\" height=\"400\" src=\"http:\/\/blogdoedvaldomagalhaes.com.br\/wp-content\/uploads\/2016\/12\/padre7.jpg\" width=\"296\" \/><\/a><\/div>\n<p><\/p>\n<div class=\"separator\" style=\"clear: both; text-align: center;\">\n<a href=\"https:\/\/4.bp.blogspot.com\/-mu759rGhdK0\/WF5IK2WcdeI\/AAAAAAAAMRM\/zTZ8t22OkBA_SegTd-VbO0f2HWVVjiovQCLcB\/s1600\/padre%2B8.jpg\" imageanchor=\"1\" style=\"margin-left: 1em; margin-right: 1em;\"><img loading=\"lazy\" decoding=\"async\" border=\"0\" height=\"400\" src=\"http:\/\/blogdoedvaldomagalhaes.com.br\/wp-content\/uploads\/2016\/12\/padre8.jpg\" width=\"296\" \/><\/a><\/div>\n<p><\/p>\n<div class=\"separator\" style=\"clear: both; text-align: center;\">\n<a href=\"https:\/\/1.bp.blogspot.com\/-lgsbc2Wvgr8\/WF5INg_qdgI\/AAAAAAAAMRQ\/o_xFjl9cCtM8qvyoLL1SHwnhG42WE6J1gCLcB\/s1600\/padre%2B9.jpg\" imageanchor=\"1\" style=\"margin-left: 1em; margin-right: 1em;\"><img loading=\"lazy\" decoding=\"async\" border=\"0\" height=\"400\" src=\"http:\/\/blogdoedvaldomagalhaes.com.br\/wp-content\/uploads\/2016\/12\/padre9.jpg\" width=\"225\" \/><\/a><\/div>\n<p><\/p>\n<div class=\"separator\" style=\"clear: both; text-align: center;\">\n<a href=\"https:\/\/1.bp.blogspot.com\/-ubK0j8kcmLM\/WF5IPLjSdzI\/AAAAAAAAMRU\/0QISxKqguZsdaqKmEHDxeT9f2PAJufF_wCLcB\/s1600\/padre%2B10.jpg\" imageanchor=\"1\" style=\"margin-left: 1em; margin-right: 1em;\"><img loading=\"lazy\" decoding=\"async\" border=\"0\" height=\"400\" src=\"http:\/\/blogdoedvaldomagalhaes.com.br\/wp-content\/uploads\/2016\/12\/padre10.jpg\" width=\"400\" \/><\/a><\/div>\n<p><\/p>\n<div class=\"separator\" style=\"clear: both; text-align: center;\">\n<a href=\"https:\/\/4.bp.blogspot.com\/-e_4ln013paA\/WF5IQ1zHeHI\/AAAAAAAAMRY\/-ntC5QMMj9wjLxcxJ5Y8Xh55qiEQNIoKgCLcB\/s1600\/padre%2B11.jpg\" imageanchor=\"1\" style=\"margin-left: 1em; margin-right: 1em;\"><img loading=\"lazy\" decoding=\"async\" border=\"0\" height=\"400\" src=\"http:\/\/blogdoedvaldomagalhaes.com.br\/wp-content\/uploads\/2016\/12\/padre11.jpg\" width=\"225\" \/><\/a><\/div>\n<div class=\"separator\" style=\"clear: both; text-align: center;\">\n<\/div>\n<div class=\"MsoNormal\" style=\"text-align: justify;\">\nO<br \/>\nPadre Alexsandro Jorge da Silva comemorou dois anos de Ordena\u00e7\u00e3o Sacerdotal,<br \/>\nnessa sexta-feira (23). O Sacerdote celebrou a Santa Missa em A\u00e7\u00e3o de Gra\u00e7as,<br \/>\nna Igreja Nossa Senhora das Gra\u00e7as, no bairro Cidade Jardim, com as<br \/>\nparticipa\u00e7\u00f5es de Fi\u00e9is, Amigos e Familiares.<\/div>\n","protected":false},"excerpt":{"rendered":"<p>O Padre Alexsandro Jorge da Silva comemorou dois anos de Ordena\u00e7\u00e3o Sacerdotal, nessa sexta-feira (23). O Sacerdote celebrou a Santa&hellip;<\/p>\n","protected":false},"author":1,"featured_media":0,"comment_status":"open","ping_status":"open","sticky":false,"template":"","format":"standard","meta":{"footnotes":""},"categories":[1],"tags":[10158,547,2,10159,6],"class_list":["post-7277","post","type-post","status-publish","format-standard","hentry","category-sem-categoria","tag-2o-aniversario-de-ordenacao-sacerdotal-do-padre-alexsandro-foi-bem-prestigiado","tag-bairro-cidade-jardim","tag-blog-do-edvaldo-magalhaes","tag-igreja-nossa-senhora-das-gracas","tag-noticias"],"_links":{"self":[{"href":"https:\/\/blogdoedvaldomagalhaes.com.br\/index.php\/wp-json\/wp\/v2\/posts\/7277","targetHints":{"allow":["GET"]}}],"collection":[{"href":"https:\/\/blogdoedvaldomagalhaes.com.br\/index.php\/wp-json\/wp\/v2\/posts"}],"about":[{"href":"https:\/\/blogdoedvaldomagalhaes.com.br\/index.php\/wp-json\/wp\/v2\/types\/post"}],"author":[{"embeddable":true,"href":"https:\/\/blogdoedvaldomagalhaes.com.br\/index.php\/wp-json\/wp\/v2\/users\/1"}],"replies":[{"embeddable":true,"href":"https:\/\/blogdoedvaldomagalhaes.com.br\/index.php\/wp-json\/wp\/v2\/comments?post=7277"}],"version-history":[{"count":1,"href":"https:\/\/blogdoedvaldomagalhaes.com.br\/index.php\/wp-json\/wp\/v2\/posts\/7277\/revisions"}],"predecessor-version":[{"id":15408,"href":"https:\/\/blogdoedvaldomagalhaes.com.br\/index.php\/wp-json\/wp\/v2\/posts\/7277\/revisions\/15408"}],"wp:attachment":[{"href":"https:\/\/blogdoedvaldomagalhaes.com.br\/index.php\/wp-json\/wp\/v2\/media?parent=7277"}],"wp:term":[{"taxonomy":"category","embeddable":true,"href":"https:\/\/blogdoedvaldomagalhaes.com.br\/index.php\/wp-json\/wp\/v2\/categories?post=7277"},{"taxonomy":"post_tag","embeddable":true,"href":"https:\/\/blogdoedvaldomagalhaes.com.br\/index.php\/wp-json\/wp\/v2\/tags?post=7277"}],"curies":[{"name":"wp","href":"https:\/\/api.w.org\/{rel}","templated":true}]}}