{"id":7276,"date":"2016-12-24T10:33:00","date_gmt":"2016-12-24T12:33:00","guid":{"rendered":"http:\/\/blogdoedvaldomagalhaes.com.br\/index.php\/2016\/12\/24\/agentes-socio-educativos-sofre\/"},"modified":"2019-02-09T01:11:33","modified_gmt":"2019-02-09T03:11:33","slug":"agentes-socio-educativos-sofre","status":"publish","type":"post","link":"https:\/\/blogdoedvaldomagalhaes.com.br\/index.php\/2016\/12\/24\/agentes-socio-educativos-sofre\/","title":{"rendered":"Agentes S\u00f3cio-Educativos sofrem tentativa de hom\u00edcio por internos da Funanse Caruaru"},"content":{"rendered":"<div class=\"separator\" style=\"clear: both; text-align: center;\">\n<a href=\"https:\/\/2.bp.blogspot.com\/-mCWACxTwnMk\/WF5NTVrSHFI\/AAAAAAAAMRs\/fl87E2-I__YwiFS8QbR0qcJnhox4daKZQCLcB\/s1600\/funase.jpg\" imageanchor=\"1\" style=\"margin-left: 1em; margin-right: 1em;\"><img loading=\"lazy\" decoding=\"async\" border=\"0\" height=\"193\" src=\"http:\/\/blogdoedvaldomagalhaes.com.br\/wp-content\/uploads\/2016\/12\/funase.jpg\" width=\"400\" \/><\/a><\/div>\n<div class=\"separator\" style=\"clear: both; text-align: center;\">\nFoto ilustrativa<\/div>\n<p><\/p>\n<div style=\"text-align: justify;\">\nNa tarde dessa sexta-feita (23) dois agentes s\u00f3cio-educativos da Funase Caruaru, encontraram droga, cacha\u00e7a e outros objetos dentro da unidade e recolheram, no final do banho os agentes levaram os internos para o pavilh\u00e3o 4. Segundo informa\u00e7\u00f5es, houve uma revolta de quatro internos de 18 anos de idade cada, que se armaram de peda\u00e7os de pau e come\u00e7aram a espancar os agentes.&nbsp;<\/div>\n<div style=\"text-align: justify;\">\n<\/div>\n<div style=\"text-align: justify;\">\nOs internos acusados s\u00e3o das cidades de Timba\u00faba, Caruaru, Ch\u00e3 Grande e Bezerros, sendo que dois est\u00e3o na Funase acusados de homic\u00eddios e dois por roubo. Os quatro internos foram encaminhados a delegacia e foram acusados de tentativa de homic\u00eddio aos dois agentes. Eles ir\u00e3o passar por Audi\u00eancia de Cust\u00f3dia, onde haver\u00e1 a defini\u00e7\u00e3o se os mesmos voltar\u00e3o para a Funase Caruaru ou ser\u00e3o encaminhados para outra unidade prisional, aja vista que, quando eles deram entrada na Funase eram menores de idade, e agora j\u00e1 est\u00e3o com 18 anos cada um..&nbsp;<\/div>\n","protected":false},"excerpt":{"rendered":"<p>Foto ilustrativa Na tarde dessa sexta-feita (23) dois agentes s\u00f3cio-educativos da Funase Caruaru, encontraram droga, cacha\u00e7a e outros objetos dentro&hellip;<\/p>\n","protected":false},"author":1,"featured_media":0,"comment_status":"open","ping_status":"open","sticky":false,"template":"","format":"standard","meta":{"footnotes":""},"categories":[1],"tags":[10156,1548,2,6348,3186,13,10157],"class_list":["post-7276","post","type-post","status-publish","format-standard","hentry","category-sem-categoria","tag-agentes-socio-educativos-sofrem-tentativa-de-homicio-por-internos-da-funanse-caruaru","tag-bezerros","tag-blog-do-edvaldo-magalhaes","tag-cha-grande","tag-noticias-policiais-de-caruaru","tag-policial","tag-timbauba"],"_links":{"self":[{"href":"https:\/\/blogdoedvaldomagalhaes.com.br\/index.php\/wp-json\/wp\/v2\/posts\/7276","targetHints":{"allow":["GET"]}}],"collection":[{"href":"https:\/\/blogdoedvaldomagalhaes.com.br\/index.php\/wp-json\/wp\/v2\/posts"}],"about":[{"href":"https:\/\/blogdoedvaldomagalhaes.com.br\/index.php\/wp-json\/wp\/v2\/types\/post"}],"author":[{"embeddable":true,"href":"https:\/\/blogdoedvaldomagalhaes.com.br\/index.php\/wp-json\/wp\/v2\/users\/1"}],"replies":[{"embeddable":true,"href":"https:\/\/blogdoedvaldomagalhaes.com.br\/index.php\/wp-json\/wp\/v2\/comments?post=7276"}],"version-history":[{"count":1,"href":"https:\/\/blogdoedvaldomagalhaes.com.br\/index.php\/wp-json\/wp\/v2\/posts\/7276\/revisions"}],"predecessor-version":[{"id":15410,"href":"https:\/\/blogdoedvaldomagalhaes.com.br\/index.php\/wp-json\/wp\/v2\/posts\/7276\/revisions\/15410"}],"wp:attachment":[{"href":"https:\/\/blogdoedvaldomagalhaes.com.br\/index.php\/wp-json\/wp\/v2\/media?parent=7276"}],"wp:term":[{"taxonomy":"category","embeddable":true,"href":"https:\/\/blogdoedvaldomagalhaes.com.br\/index.php\/wp-json\/wp\/v2\/categories?post=7276"},{"taxonomy":"post_tag","embeddable":true,"href":"https:\/\/blogdoedvaldomagalhaes.com.br\/index.php\/wp-json\/wp\/v2\/tags?post=7276"}],"curies":[{"name":"wp","href":"https:\/\/api.w.org\/{rel}","templated":true}]}}