{"id":72657,"date":"2021-07-30T14:37:07","date_gmt":"2021-07-30T17:37:07","guid":{"rendered":"https:\/\/blogdoedvaldomagalhaes.com.br\/?p=72657"},"modified":"2021-07-30T14:37:09","modified_gmt":"2021-07-30T17:37:09","slug":"caruaru-anuncia-nova-ampliacao-de-faixa-etaria-contra-a-covid-19","status":"publish","type":"post","link":"https:\/\/blogdoedvaldomagalhaes.com.br\/index.php\/2021\/07\/30\/caruaru-anuncia-nova-ampliacao-de-faixa-etaria-contra-a-covid-19\/","title":{"rendered":"Caruaru anuncia nova amplia\u00e7\u00e3o de faixa et\u00e1ria contra a Covid-19"},"content":{"rendered":"<p style=\"text-align: justify;\"><span style=\"font-size: inherit;\">A partir desta sexta-feira (30), as pessoas com 32 anos j\u00e1 estar\u00e3o com seu agendamento liberado para a imuniza\u00e7\u00e3o contra a Covid-19. Para saber onde e quando se vacinar, \u00e9 necess\u00e1rio entrar no site www.vacina.caruaru.pe.gov.br, no mesmo link onde foi feito o pr\u00e9-cadastro, e imprimir a guia de agendamento com as informa\u00e7\u00f5es.<\/span><\/p>\n<p style=\"text-align: justify;\">\u201cS\u00f3 com a vacina\u00e7\u00e3o poderemos combater a doen\u00e7a. Por isso, se chegou a sua vez, n\u00e3o deixei de se vacinar. Vacina boa \u00e9 a vacina que est\u00e1 dispon\u00edvel\u201d, disse o secret\u00e1rio de Sa\u00fade de Caruaru, Breno Feitoza.<\/p>\n<p style=\"text-align: justify;\">A Secretaria de Sa\u00fade de Caruaru refor\u00e7a a import\u00e2ncia de cumprir o hor\u00e1rio disponibilizado na guia de agendamento para evitar aglomera\u00e7\u00e3o nos centros. Al\u00e9m disso, lembrar de conferir toda a documenta\u00e7\u00e3o necess\u00e1ria para o dia da vacina\u00e7\u00e3o, que \u00e9 documento oficial com foto, c\u00f3pia do CPF, Cart\u00e3o Nacional do SUS (CNS) e comprovante de resid\u00eancia.<\/p>\n","protected":false},"excerpt":{"rendered":"<p>A partir desta sexta-feira (30), as pessoas com 32 anos j\u00e1 estar\u00e3o com seu agendamento liberado para a imuniza\u00e7\u00e3o contra&hellip;<\/p>\n","protected":false},"author":1,"featured_media":72658,"comment_status":"open","ping_status":"open","sticky":false,"template":"","format":"standard","meta":{"footnotes":""},"categories":[14120],"tags":[992,19532,22316,3140,19670],"class_list":["post-72657","post","type-post","status-publish","format-standard","has-post-thumbnail","hentry","category-noticias","tag-blog-do-edvaldo-do-magalhaes","tag-blog-mais-acessado-e-visualizado-de-caruaru-e-regiao","tag-caruaru-anuncia-nova-ampliacao-de-faixa-etaria-contra-a-covid-19","tag-noticias-de-pernambuco","tag-novo-coronavirus"],"_links":{"self":[{"href":"https:\/\/blogdoedvaldomagalhaes.com.br\/index.php\/wp-json\/wp\/v2\/posts\/72657","targetHints":{"allow":["GET"]}}],"collection":[{"href":"https:\/\/blogdoedvaldomagalhaes.com.br\/index.php\/wp-json\/wp\/v2\/posts"}],"about":[{"href":"https:\/\/blogdoedvaldomagalhaes.com.br\/index.php\/wp-json\/wp\/v2\/types\/post"}],"author":[{"embeddable":true,"href":"https:\/\/blogdoedvaldomagalhaes.com.br\/index.php\/wp-json\/wp\/v2\/users\/1"}],"replies":[{"embeddable":true,"href":"https:\/\/blogdoedvaldomagalhaes.com.br\/index.php\/wp-json\/wp\/v2\/comments?post=72657"}],"version-history":[{"count":1,"href":"https:\/\/blogdoedvaldomagalhaes.com.br\/index.php\/wp-json\/wp\/v2\/posts\/72657\/revisions"}],"predecessor-version":[{"id":72659,"href":"https:\/\/blogdoedvaldomagalhaes.com.br\/index.php\/wp-json\/wp\/v2\/posts\/72657\/revisions\/72659"}],"wp:featuredmedia":[{"embeddable":true,"href":"https:\/\/blogdoedvaldomagalhaes.com.br\/index.php\/wp-json\/wp\/v2\/media\/72658"}],"wp:attachment":[{"href":"https:\/\/blogdoedvaldomagalhaes.com.br\/index.php\/wp-json\/wp\/v2\/media?parent=72657"}],"wp:term":[{"taxonomy":"category","embeddable":true,"href":"https:\/\/blogdoedvaldomagalhaes.com.br\/index.php\/wp-json\/wp\/v2\/categories?post=72657"},{"taxonomy":"post_tag","embeddable":true,"href":"https:\/\/blogdoedvaldomagalhaes.com.br\/index.php\/wp-json\/wp\/v2\/tags?post=72657"}],"curies":[{"name":"wp","href":"https:\/\/api.w.org\/{rel}","templated":true}]}}