{"id":72653,"date":"2021-07-30T09:31:18","date_gmt":"2021-07-30T12:31:18","guid":{"rendered":"https:\/\/blogdoedvaldomagalhaes.com.br\/?p=72653"},"modified":"2021-07-30T09:31:20","modified_gmt":"2021-07-30T12:31:20","slug":"policia-recupera-carga-de-aguardente-roubada-em-caruaru","status":"publish","type":"post","link":"https:\/\/blogdoedvaldomagalhaes.com.br\/index.php\/2021\/07\/30\/policia-recupera-carga-de-aguardente-roubada-em-caruaru\/","title":{"rendered":"Pol\u00edcia recupera carga de aguardente roubada em Caruaru"},"content":{"rendered":"<p style=\"text-align: justify;\"><span style=\"font-size: inherit;\">Uma carga de aguardente que havia sido roubada foi recuperada na quinta-feira (29), na BR 232, em Caruaru, no Agreste, em uma a\u00e7\u00e3o integrada da Pol\u00edcia Rodovi\u00e1ria Federal (PRF) e do 1\u00b0 Batalh\u00e3o Integrado Especializado da Pol\u00edcia Militar (BIESP-PM). O caminh\u00e3o que transportava a mercadoria havia perdido contato com a empresa respons\u00e1vel pelo transporte horas antes.<\/span><\/p>\n<p style=\"text-align: justify;\">Ap\u00f3s receberem informa\u00e7\u00f5es sobre o desaparecimento do caminh\u00e3o quando passava pelo Agreste, policiais realizaram buscas at\u00e9 localizar o ve\u00edculo no acostamento do km 136 da rodovia. N\u00e3o havia ningu\u00e9m pr\u00f3ximo ao ve\u00edculo, mas a mercadoria estava intacta no compartimento de carga.<\/p>\n<p style=\"text-align: justify;\">Um representante da empresa respons\u00e1vel foi acionado e se dirigiu ao local para reaver o caminh\u00e3o. O motorista do ve\u00edculo foi localizado em Recife e orientado a prestar queixa em uma Delegacia de Pol\u00edcia Civil da regi\u00e3o.<\/p>\n","protected":false},"excerpt":{"rendered":"<p>Uma carga de aguardente que havia sido roubada foi recuperada na quinta-feira (29), na BR 232, em Caruaru, no Agreste,&hellip;<\/p>\n","protected":false},"author":1,"featured_media":72654,"comment_status":"open","ping_status":"open","sticky":false,"template":"","format":"standard","meta":{"footnotes":""},"categories":[14121],"tags":[2,19532,1950,22315],"class_list":["post-72653","post","type-post","status-publish","format-standard","has-post-thumbnail","hentry","category-policial","tag-blog-do-edvaldo-magalhaes","tag-blog-mais-acessado-e-visualizado-de-caruaru-e-regiao","tag-noticias-de-caruaru","tag-policia-recupera-carga-de-aguardente-roubada-em-caruaru"],"_links":{"self":[{"href":"https:\/\/blogdoedvaldomagalhaes.com.br\/index.php\/wp-json\/wp\/v2\/posts\/72653","targetHints":{"allow":["GET"]}}],"collection":[{"href":"https:\/\/blogdoedvaldomagalhaes.com.br\/index.php\/wp-json\/wp\/v2\/posts"}],"about":[{"href":"https:\/\/blogdoedvaldomagalhaes.com.br\/index.php\/wp-json\/wp\/v2\/types\/post"}],"author":[{"embeddable":true,"href":"https:\/\/blogdoedvaldomagalhaes.com.br\/index.php\/wp-json\/wp\/v2\/users\/1"}],"replies":[{"embeddable":true,"href":"https:\/\/blogdoedvaldomagalhaes.com.br\/index.php\/wp-json\/wp\/v2\/comments?post=72653"}],"version-history":[{"count":1,"href":"https:\/\/blogdoedvaldomagalhaes.com.br\/index.php\/wp-json\/wp\/v2\/posts\/72653\/revisions"}],"predecessor-version":[{"id":72655,"href":"https:\/\/blogdoedvaldomagalhaes.com.br\/index.php\/wp-json\/wp\/v2\/posts\/72653\/revisions\/72655"}],"wp:featuredmedia":[{"embeddable":true,"href":"https:\/\/blogdoedvaldomagalhaes.com.br\/index.php\/wp-json\/wp\/v2\/media\/72654"}],"wp:attachment":[{"href":"https:\/\/blogdoedvaldomagalhaes.com.br\/index.php\/wp-json\/wp\/v2\/media?parent=72653"}],"wp:term":[{"taxonomy":"category","embeddable":true,"href":"https:\/\/blogdoedvaldomagalhaes.com.br\/index.php\/wp-json\/wp\/v2\/categories?post=72653"},{"taxonomy":"post_tag","embeddable":true,"href":"https:\/\/blogdoedvaldomagalhaes.com.br\/index.php\/wp-json\/wp\/v2\/tags?post=72653"}],"curies":[{"name":"wp","href":"https:\/\/api.w.org\/{rel}","templated":true}]}}