{"id":72641,"date":"2021-07-29T19:11:05","date_gmt":"2021-07-29T22:11:05","guid":{"rendered":"https:\/\/blogdoedvaldomagalhaes.com.br\/?p=72641"},"modified":"2021-07-29T19:37:37","modified_gmt":"2021-07-29T22:37:37","slug":"oab-caruaru-reuniu-profissionais-da-imprensa-para-apresentar-a-nova-sede","status":"publish","type":"post","link":"https:\/\/blogdoedvaldomagalhaes.com.br\/index.php\/2021\/07\/29\/oab-caruaru-reuniu-profissionais-da-imprensa-para-apresentar-a-nova-sede\/","title":{"rendered":"OAB Caruaru reuniu profissionais da imprensa para apresentar a nova sede"},"content":{"rendered":"<p style=\"text-align: justify;\"><span style=\"font-size: inherit;\">A OAB Caruaru realizou, nessa quinta-feira (29), um caf\u00e9 da manh\u00e3 para receber profissionais da imprensa de Caruaru e regi\u00e3o para apresentar a nova sede da Subse\u00e7\u00e3o.<\/span><\/p>\n<p style=\"text-align: justify;\">Na ocasi\u00e3o, o presidente Fernando Santos J\u00fanior, e os demais integrantes da diretoria, se reuniram no audit\u00f3rio para contar detalhes da constru\u00e7\u00e3o e a import\u00e2ncia da obra para a advocacia da regi\u00e3o. Depois, foi realizado um tour pelo pr\u00e9dio.<\/p>\n<p style=\"text-align: justify;\">O evento faz parte da semana de inaugura\u00e7\u00e3o que est\u00e1 sendo realizada de forma descentralizada, para evitar aglomera\u00e7\u00f5es, e segue at\u00e9 o dia 03 de agosto, quando ser\u00e1 feito o descerramento da placa, com a presen\u00e7a do presidente da OAB Nacional, Felipe Santa Cruz, e demais autoridades. A OAB Caruaru agradece a todos que estiveram presentes.<\/p>\n\n\n<figure class=\"wp-block-image size-large\"><img loading=\"lazy\" decoding=\"async\" width=\"1024\" height=\"682\" src=\"https:\/\/blogdoedvaldomagalhaes.com.br\/wp-content\/uploads\/2021\/07\/IMG-20210729-WA0198-1024x682.jpg\" alt=\"\" class=\"wp-image-72644\" srcset=\"https:\/\/blogdoedvaldomagalhaes.com.br\/wp-content\/uploads\/2021\/07\/IMG-20210729-WA0198-1024x682.jpg 1024w, https:\/\/blogdoedvaldomagalhaes.com.br\/wp-content\/uploads\/2021\/07\/IMG-20210729-WA0198-300x200.jpg 300w, https:\/\/blogdoedvaldomagalhaes.com.br\/wp-content\/uploads\/2021\/07\/IMG-20210729-WA0198-768x512.jpg 768w, https:\/\/blogdoedvaldomagalhaes.com.br\/wp-content\/uploads\/2021\/07\/IMG-20210729-WA0198.jpg 1280w\" sizes=\"auto, (max-width: 1024px) 100vw, 1024px\" \/><\/figure>\n\n\n\n<figure class=\"wp-block-image size-large\"><img loading=\"lazy\" decoding=\"async\" width=\"1024\" height=\"682\" src=\"https:\/\/blogdoedvaldomagalhaes.com.br\/wp-content\/uploads\/2021\/07\/IMG-20210729-WA0199-1024x682.jpg\" alt=\"\" class=\"wp-image-72647\" srcset=\"https:\/\/blogdoedvaldomagalhaes.com.br\/wp-content\/uploads\/2021\/07\/IMG-20210729-WA0199-1024x682.jpg 1024w, https:\/\/blogdoedvaldomagalhaes.com.br\/wp-content\/uploads\/2021\/07\/IMG-20210729-WA0199-300x200.jpg 300w, https:\/\/blogdoedvaldomagalhaes.com.br\/wp-content\/uploads\/2021\/07\/IMG-20210729-WA0199-768x512.jpg 768w, https:\/\/blogdoedvaldomagalhaes.com.br\/wp-content\/uploads\/2021\/07\/IMG-20210729-WA0199.jpg 1280w\" sizes=\"auto, (max-width: 1024px) 100vw, 1024px\" \/><figcaption>Fotos: Jorge Farias <\/figcaption><\/figure>\n","protected":false},"excerpt":{"rendered":"<p>A OAB Caruaru realizou, nessa quinta-feira (29), um caf\u00e9 da manh\u00e3 para receber profissionais da imprensa de Caruaru e regi\u00e3o&hellip;<\/p>\n","protected":false},"author":1,"featured_media":72642,"comment_status":"open","ping_status":"open","sticky":false,"template":"","format":"standard","meta":{"footnotes":""},"categories":[14120],"tags":[2,19532,4661,1950,22313],"class_list":["post-72641","post","type-post","status-publish","format-standard","has-post-thumbnail","hentry","category-noticias","tag-blog-do-edvaldo-magalhaes","tag-blog-mais-acessado-e-visualizado-de-caruaru-e-regiao","tag-fernando-junior","tag-noticias-de-caruaru","tag-oab-caruaru-reuniu-profissionais-da-imprensa-para-apresentar-a-nova-sede"],"_links":{"self":[{"href":"https:\/\/blogdoedvaldomagalhaes.com.br\/index.php\/wp-json\/wp\/v2\/posts\/72641","targetHints":{"allow":["GET"]}}],"collection":[{"href":"https:\/\/blogdoedvaldomagalhaes.com.br\/index.php\/wp-json\/wp\/v2\/posts"}],"about":[{"href":"https:\/\/blogdoedvaldomagalhaes.com.br\/index.php\/wp-json\/wp\/v2\/types\/post"}],"author":[{"embeddable":true,"href":"https:\/\/blogdoedvaldomagalhaes.com.br\/index.php\/wp-json\/wp\/v2\/users\/1"}],"replies":[{"embeddable":true,"href":"https:\/\/blogdoedvaldomagalhaes.com.br\/index.php\/wp-json\/wp\/v2\/comments?post=72641"}],"version-history":[{"count":3,"href":"https:\/\/blogdoedvaldomagalhaes.com.br\/index.php\/wp-json\/wp\/v2\/posts\/72641\/revisions"}],"predecessor-version":[{"id":72648,"href":"https:\/\/blogdoedvaldomagalhaes.com.br\/index.php\/wp-json\/wp\/v2\/posts\/72641\/revisions\/72648"}],"wp:featuredmedia":[{"embeddable":true,"href":"https:\/\/blogdoedvaldomagalhaes.com.br\/index.php\/wp-json\/wp\/v2\/media\/72642"}],"wp:attachment":[{"href":"https:\/\/blogdoedvaldomagalhaes.com.br\/index.php\/wp-json\/wp\/v2\/media?parent=72641"}],"wp:term":[{"taxonomy":"category","embeddable":true,"href":"https:\/\/blogdoedvaldomagalhaes.com.br\/index.php\/wp-json\/wp\/v2\/categories?post=72641"},{"taxonomy":"post_tag","embeddable":true,"href":"https:\/\/blogdoedvaldomagalhaes.com.br\/index.php\/wp-json\/wp\/v2\/tags?post=72641"}],"curies":[{"name":"wp","href":"https:\/\/api.w.org\/{rel}","templated":true}]}}