{"id":72638,"date":"2021-07-29T18:23:28","date_gmt":"2021-07-29T21:23:28","guid":{"rendered":"https:\/\/blogdoedvaldomagalhaes.com.br\/?p=72638"},"modified":"2021-07-29T19:46:58","modified_gmt":"2021-07-29T22:46:58","slug":"pmpe-e-pmba-prendem-no-sertao-pe-dupla-suspeita-de-assalto-a-banco-e-sequestro","status":"publish","type":"post","link":"https:\/\/blogdoedvaldomagalhaes.com.br\/index.php\/2021\/07\/29\/pmpe-e-pmba-prendem-no-sertao-pe-dupla-suspeita-de-assalto-a-banco-e-sequestro\/","title":{"rendered":"PMPE e PMBA prendem no Sert\u00e3o-PE dupla suspeita de assalto a banco e sequestro"},"content":{"rendered":"<p style=\"text-align: justify;\"><span style=\"font-size: inherit;\">Em Petrolina, no sert\u00e3o pernambucano, durante opera\u00e7\u00e3o conjunta na noite de quarta-feira (28\/07), policiais militares do 5\u00b0BPM, da PMPE, e Cipe Caatinga, da PMBA realizaram cumprimento de mandado de pris\u00e3o em desfavor de dois indiv\u00edduos, ambos oriundos do Estado do Par\u00e1, expedido pela 4\u00aa Vara \u00danica de Anapu &#8211; Tribunal de justi\u00e7a daquele Estado.<\/span><\/p>\n<p style=\"text-align: justify;\">Ap\u00f3s informa\u00e7\u00f5es e levantamento dos \u00f3rg\u00e3os de seguran\u00e7a foi constatado que tratava-se de suspeitos envolvidos em sequestro e assaltos a banco, sendo encontrados em posse dos mesmos uma pistola .40, com dois carregadores, 32 muni\u00e7\u00f5es cal.40 e a quantia em esp\u00e9cie de 55 mil reais.<\/p>\n<p style=\"text-align: justify;\">Os envolvidos foram encaminhados para a Delegacia de Pol\u00edcia Civil local para serem tomadas as medidas legais cab\u00edveis.<\/p>\n","protected":false},"excerpt":{"rendered":"<p>Em Petrolina, no sert\u00e3o pernambucano, durante opera\u00e7\u00e3o conjunta na noite de quarta-feira (28\/07), policiais militares do 5\u00b0BPM, da PMPE, e&hellip;<\/p>\n","protected":false},"author":1,"featured_media":72639,"comment_status":"open","ping_status":"open","sticky":false,"template":"","format":"standard","meta":{"footnotes":""},"categories":[14121],"tags":[2,19532,1950,22312],"class_list":["post-72638","post","type-post","status-publish","format-standard","has-post-thumbnail","hentry","category-policial","tag-blog-do-edvaldo-magalhaes","tag-blog-mais-acessado-e-visualizado-de-caruaru-e-regiao","tag-noticias-de-caruaru","tag-pmpe-e-pmba-prendem-no-sertao-pe-dupla-suspeita-de-assalto-a-banco-e-sequestro"],"_links":{"self":[{"href":"https:\/\/blogdoedvaldomagalhaes.com.br\/index.php\/wp-json\/wp\/v2\/posts\/72638","targetHints":{"allow":["GET"]}}],"collection":[{"href":"https:\/\/blogdoedvaldomagalhaes.com.br\/index.php\/wp-json\/wp\/v2\/posts"}],"about":[{"href":"https:\/\/blogdoedvaldomagalhaes.com.br\/index.php\/wp-json\/wp\/v2\/types\/post"}],"author":[{"embeddable":true,"href":"https:\/\/blogdoedvaldomagalhaes.com.br\/index.php\/wp-json\/wp\/v2\/users\/1"}],"replies":[{"embeddable":true,"href":"https:\/\/blogdoedvaldomagalhaes.com.br\/index.php\/wp-json\/wp\/v2\/comments?post=72638"}],"version-history":[{"count":2,"href":"https:\/\/blogdoedvaldomagalhaes.com.br\/index.php\/wp-json\/wp\/v2\/posts\/72638\/revisions"}],"predecessor-version":[{"id":72649,"href":"https:\/\/blogdoedvaldomagalhaes.com.br\/index.php\/wp-json\/wp\/v2\/posts\/72638\/revisions\/72649"}],"wp:featuredmedia":[{"embeddable":true,"href":"https:\/\/blogdoedvaldomagalhaes.com.br\/index.php\/wp-json\/wp\/v2\/media\/72639"}],"wp:attachment":[{"href":"https:\/\/blogdoedvaldomagalhaes.com.br\/index.php\/wp-json\/wp\/v2\/media?parent=72638"}],"wp:term":[{"taxonomy":"category","embeddable":true,"href":"https:\/\/blogdoedvaldomagalhaes.com.br\/index.php\/wp-json\/wp\/v2\/categories?post=72638"},{"taxonomy":"post_tag","embeddable":true,"href":"https:\/\/blogdoedvaldomagalhaes.com.br\/index.php\/wp-json\/wp\/v2\/tags?post=72638"}],"curies":[{"name":"wp","href":"https:\/\/api.w.org\/{rel}","templated":true}]}}