{"id":72635,"date":"2021-07-29T17:53:17","date_gmt":"2021-07-29T20:53:17","guid":{"rendered":"https:\/\/blogdoedvaldomagalhaes.com.br\/?p=72635"},"modified":"2021-07-29T17:53:18","modified_gmt":"2021-07-29T20:53:18","slug":"anderson-correia-faz-pedido-de-informacao-sobre-os-procedimentos-usados-para-a-coleta-de-residuos-solidos-em-caruaru","status":"publish","type":"post","link":"https:\/\/blogdoedvaldomagalhaes.com.br\/index.php\/2021\/07\/29\/anderson-correia-faz-pedido-de-informacao-sobre-os-procedimentos-usados-para-a-coleta-de-residuos-solidos-em-caruaru\/","title":{"rendered":"Anderson Correia faz pedido de informa\u00e7\u00e3o sobre os procedimentos usados para a coleta de res\u00edduos s\u00f3lidos em Caruaru"},"content":{"rendered":"<p style=\"text-align: justify;\"><span style=\"font-size: inherit;\">Preocupado tamb\u00e9m com o meio ambiente em Caruaru, o vereador Anderson Correia protocolou um pedido de informa\u00e7\u00e3o \u00e0 prefeitura, para saber como est\u00e3o sendo executados os procedimentos usados para fazer a coleta dos res\u00edduos s\u00f3lidos no mun\u00edcipio. Segundo a proposi\u00e7\u00e3o, o parlamentar questiona o Poder Executivo sobre qual o destino dos res\u00edduos s\u00f3lidos coletados na cidade e quais os procedimentos para os res\u00edduos hospitalares, da constru\u00e7\u00e3o civil e industriais.<\/span><\/p>\n<p style=\"text-align: justify;\">\u201cA quest\u00e3o ambiental \u00e9 muito importante o nosso munic\u00edpio, pois ela reflete tamb\u00e9m na sa\u00fade de toda popula\u00e7\u00e3o. Por isso, fiz este requerimento para saber a forma como est\u00e3o sendo feitos os procedimentos na coleta dos res\u00edduos s\u00f3lidos, se est\u00e3o sendo respeitadas as principais leis e resolu\u00e7\u00f5es normativas que regem essa pauta. \u00c9 preciso saber se est\u00e3o tendo o devido respeito, conforme as leis estaduais e federais. \u00c9 importante o acompanhamento do Poder P\u00fablico para que se tenha procedimentos corretos e eficazes na coleta destes materiais, visando tamb\u00e9m a sa\u00fade do povo caruaruense\u201d, destaca Anderson Correia.<\/p>\n","protected":false},"excerpt":{"rendered":"<p>Preocupado tamb\u00e9m com o meio ambiente em Caruaru, o vereador Anderson Correia protocolou um pedido de informa\u00e7\u00e3o \u00e0 prefeitura, para&hellip;<\/p>\n","protected":false},"author":1,"featured_media":72636,"comment_status":"open","ping_status":"open","sticky":false,"template":"","format":"standard","meta":{"footnotes":""},"categories":[14122],"tags":[22311,2,19532,1950,20],"class_list":["post-72635","post","type-post","status-publish","format-standard","has-post-thumbnail","hentry","category-politica","tag-anderson-correia-faz-pedido-de-informacao-sobre-os-procedimentos-usados-para-a-coleta-de-residuos-solidos-em-caruaru","tag-blog-do-edvaldo-magalhaes","tag-blog-mais-acessado-e-visualizado-de-caruaru-e-regiao","tag-noticias-de-caruaru","tag-politica"],"_links":{"self":[{"href":"https:\/\/blogdoedvaldomagalhaes.com.br\/index.php\/wp-json\/wp\/v2\/posts\/72635","targetHints":{"allow":["GET"]}}],"collection":[{"href":"https:\/\/blogdoedvaldomagalhaes.com.br\/index.php\/wp-json\/wp\/v2\/posts"}],"about":[{"href":"https:\/\/blogdoedvaldomagalhaes.com.br\/index.php\/wp-json\/wp\/v2\/types\/post"}],"author":[{"embeddable":true,"href":"https:\/\/blogdoedvaldomagalhaes.com.br\/index.php\/wp-json\/wp\/v2\/users\/1"}],"replies":[{"embeddable":true,"href":"https:\/\/blogdoedvaldomagalhaes.com.br\/index.php\/wp-json\/wp\/v2\/comments?post=72635"}],"version-history":[{"count":1,"href":"https:\/\/blogdoedvaldomagalhaes.com.br\/index.php\/wp-json\/wp\/v2\/posts\/72635\/revisions"}],"predecessor-version":[{"id":72637,"href":"https:\/\/blogdoedvaldomagalhaes.com.br\/index.php\/wp-json\/wp\/v2\/posts\/72635\/revisions\/72637"}],"wp:featuredmedia":[{"embeddable":true,"href":"https:\/\/blogdoedvaldomagalhaes.com.br\/index.php\/wp-json\/wp\/v2\/media\/72636"}],"wp:attachment":[{"href":"https:\/\/blogdoedvaldomagalhaes.com.br\/index.php\/wp-json\/wp\/v2\/media?parent=72635"}],"wp:term":[{"taxonomy":"category","embeddable":true,"href":"https:\/\/blogdoedvaldomagalhaes.com.br\/index.php\/wp-json\/wp\/v2\/categories?post=72635"},{"taxonomy":"post_tag","embeddable":true,"href":"https:\/\/blogdoedvaldomagalhaes.com.br\/index.php\/wp-json\/wp\/v2\/tags?post=72635"}],"curies":[{"name":"wp","href":"https:\/\/api.w.org\/{rel}","templated":true}]}}