{"id":72629,"date":"2021-07-29T13:20:26","date_gmt":"2021-07-29T16:20:26","guid":{"rendered":"https:\/\/blogdoedvaldomagalhaes.com.br\/?p=72629"},"modified":"2021-07-29T13:20:27","modified_gmt":"2021-07-29T16:20:27","slug":"mulher-procurada-pela-justica-de-goias-por-estelionato-e-detida-em-pernambuco","status":"publish","type":"post","link":"https:\/\/blogdoedvaldomagalhaes.com.br\/index.php\/2021\/07\/29\/mulher-procurada-pela-justica-de-goias-por-estelionato-e-detida-em-pernambuco\/","title":{"rendered":"Mulher procurada pela Justi\u00e7a de Goi\u00e1s por estelionato \u00e9 detida em Pernambuco"},"content":{"rendered":"<p style=\"text-align: justify;\"><span style=\"font-size: inherit;\">Uma mulher que era procurada pelo crime de estelionato foi detida na quarta-feira (28), durante uma fiscaliza\u00e7\u00e3o da Pol\u00edcia Rodovi\u00e1ria Federal (PRF), na BR 428, em Petrolina, no Sert\u00e3o de Pernambuco. Ela era procurada desde o dia 12 de maio deste ano, a partir de um mandado de pris\u00e3o expedido pelo Tribunal de Justi\u00e7a do Estado de Goi\u00e1s.<\/span><\/p>\n<p style=\"text-align: justify;\">O flagrante foi realizado durante a abordagem a um carro com placas de Juazeiro, na Bahia, no Km 189 da rodovia. Ap\u00f3s a consulta aos documentos apresentados pela motorista, foi descoberto um mandado de pris\u00e3o preventiva emitido pela 2\u00aa Vara de Urua\u00e7u, em Goi\u00e1s.<\/p>\n<p style=\"text-align: justify;\">Inicialmente, a mulher disse que n\u00e3o sabia do que se tratava, mas depois se lembrou de um fato ocorrido anos atr\u00e1s. Ela foi encaminhada \u00e0 Delegacia de Pol\u00edcia Civil de Petrolina, para dar continuidade aos procedimentos legais.<\/p>\n","protected":false},"excerpt":{"rendered":"<p>Uma mulher que era procurada pelo crime de estelionato foi detida na quarta-feira (28), durante uma fiscaliza\u00e7\u00e3o da Pol\u00edcia Rodovi\u00e1ria&hellip;<\/p>\n","protected":false},"author":1,"featured_media":72630,"comment_status":"open","ping_status":"open","sticky":false,"template":"","format":"standard","meta":{"footnotes":""},"categories":[14121],"tags":[992,19532,22309,1950],"class_list":["post-72629","post","type-post","status-publish","format-standard","has-post-thumbnail","hentry","category-policial","tag-blog-do-edvaldo-do-magalhaes","tag-blog-mais-acessado-e-visualizado-de-caruaru-e-regiao","tag-mulher-procurada-pela-justica-de-goias-por-estelionato-e-detida-em-pernambuco","tag-noticias-de-caruaru"],"_links":{"self":[{"href":"https:\/\/blogdoedvaldomagalhaes.com.br\/index.php\/wp-json\/wp\/v2\/posts\/72629","targetHints":{"allow":["GET"]}}],"collection":[{"href":"https:\/\/blogdoedvaldomagalhaes.com.br\/index.php\/wp-json\/wp\/v2\/posts"}],"about":[{"href":"https:\/\/blogdoedvaldomagalhaes.com.br\/index.php\/wp-json\/wp\/v2\/types\/post"}],"author":[{"embeddable":true,"href":"https:\/\/blogdoedvaldomagalhaes.com.br\/index.php\/wp-json\/wp\/v2\/users\/1"}],"replies":[{"embeddable":true,"href":"https:\/\/blogdoedvaldomagalhaes.com.br\/index.php\/wp-json\/wp\/v2\/comments?post=72629"}],"version-history":[{"count":1,"href":"https:\/\/blogdoedvaldomagalhaes.com.br\/index.php\/wp-json\/wp\/v2\/posts\/72629\/revisions"}],"predecessor-version":[{"id":72631,"href":"https:\/\/blogdoedvaldomagalhaes.com.br\/index.php\/wp-json\/wp\/v2\/posts\/72629\/revisions\/72631"}],"wp:featuredmedia":[{"embeddable":true,"href":"https:\/\/blogdoedvaldomagalhaes.com.br\/index.php\/wp-json\/wp\/v2\/media\/72630"}],"wp:attachment":[{"href":"https:\/\/blogdoedvaldomagalhaes.com.br\/index.php\/wp-json\/wp\/v2\/media?parent=72629"}],"wp:term":[{"taxonomy":"category","embeddable":true,"href":"https:\/\/blogdoedvaldomagalhaes.com.br\/index.php\/wp-json\/wp\/v2\/categories?post=72629"},{"taxonomy":"post_tag","embeddable":true,"href":"https:\/\/blogdoedvaldomagalhaes.com.br\/index.php\/wp-json\/wp\/v2\/tags?post=72629"}],"curies":[{"name":"wp","href":"https:\/\/api.w.org\/{rel}","templated":true}]}}