{"id":72621,"date":"2021-07-29T12:42:27","date_gmt":"2021-07-29T15:42:27","guid":{"rendered":"https:\/\/blogdoedvaldomagalhaes.com.br\/?p=72621"},"modified":"2021-07-29T12:50:32","modified_gmt":"2021-07-29T15:50:32","slug":"quadrilha-fortemente-armada-e-capturada-pela-pm-em-pernambuco","status":"publish","type":"post","link":"https:\/\/blogdoedvaldomagalhaes.com.br\/index.php\/2021\/07\/29\/quadrilha-fortemente-armada-e-capturada-pela-pm-em-pernambuco\/","title":{"rendered":"Quadrilha fortemente armada \u00e9 capturada pela PM em Pernambuco"},"content":{"rendered":"<p style=\"text-align: justify;\"><span style=\"font-size: inherit;\">Policiais militares do 7\u00ba BPM, em opera\u00e7\u00e3o que contou com apoio de policiais civis, prenderam quatro homens e recuperaram produtos roubados e apreenderam armas, muni\u00e7\u00f5es, explosivos, drogas e ve\u00edculos da quadrilha. A movimenta\u00e7\u00e3o se deu ap\u00f3s um assalto a m\u00e3o armada no S\u00edtio Queimadas, na zonara rural de Santa Cruz e se estendeu tamb\u00e9m por Lagoa Grande e Ouricuri.<\/span><\/p>\n<p style=\"text-align: justify;\">O primeiro suspeito foi preso no distrito de Juta\u00ed, em Lagoa Grande, ap\u00f3s perder o controle do carro que usava para fugir com destino a Petrolina. Ele indicou o paradeiro de outros dois comparsas, capturados em Ouricuri, que ajudaram na localiza\u00e7\u00e3o do quarto envolvido. Durante incurs\u00f5es em v\u00e1rios locais, sob a orienta\u00e7\u00e3o dos detidos, foram localizados diversos objetos usados nas a\u00e7\u00f5es criminosas, como produtos que podem ser decorrentes de a\u00e7\u00f5es da quadrilha.<\/p>\n<p style=\"text-align: justify;\">No total, foram apreendidos com o grupo uma pistola calibre .380mm; um rev\u00f3lver especial calibre 38; uma espingarda calibre 12, curta; uma espingarda artesanal calibre 20; quatro coletes bal\u00edsticos; uma moto NRX 150cc; um Fiat Palio Flex, cor prata; 44 muni\u00e7\u00f5es calibre 7,62; 11 muni\u00e7\u00f5es calibre 20; 25 muni\u00e7\u00f5es calibre 12; seis muni\u00e7\u00f5es calibre 38; 47 muni\u00e7\u00f5es calibre 380, 39 muni\u00e7\u00f5es calibre .40; tr\u00eas carregadores calibre .380; dois carregadores calibre .40; 50 cartuchos de emuls\u00e3o explosiva; 30 espoletas simples N\u00ba 8; oito metros de cordel detonante; dois metros de estopim; tr\u00eas artefatos explosivos montados; dois coldres para armas; um Botij\u00e3o de G\u00e1s com mangueira cortada; R$ 456,25 em esp\u00e9cie; oito caixas de espoleta calibre 4.5 (totalizando aproximadamente 2.000 espoletas); nove celulares, dois smartphones, cinco facas peixeira; e, aproximadamente, 1kg de maconha.<\/p>\n<p style=\"text-align: justify;\">A ocorr\u00eancia foi encaminhada para a Pol\u00edcia Civil, no sentido de que todas as provid\u00eancias cab\u00edveis fossem adotadas.<\/p>\n\n\n<figure class=\"wp-block-image size-large\"><img loading=\"lazy\" decoding=\"async\" width=\"769\" height=\"1024\" src=\"https:\/\/blogdoedvaldomagalhaes.com.br\/wp-content\/uploads\/2021\/07\/IMG-20210729-WA0065-769x1024.jpg\" alt=\"\" class=\"wp-image-72624\" srcset=\"https:\/\/blogdoedvaldomagalhaes.com.br\/wp-content\/uploads\/2021\/07\/IMG-20210729-WA0065-769x1024.jpg 769w, https:\/\/blogdoedvaldomagalhaes.com.br\/wp-content\/uploads\/2021\/07\/IMG-20210729-WA0065-225x300.jpg 225w, https:\/\/blogdoedvaldomagalhaes.com.br\/wp-content\/uploads\/2021\/07\/IMG-20210729-WA0065-768x1023.jpg 768w, https:\/\/blogdoedvaldomagalhaes.com.br\/wp-content\/uploads\/2021\/07\/IMG-20210729-WA0065-1153x1536.jpg 1153w, https:\/\/blogdoedvaldomagalhaes.com.br\/wp-content\/uploads\/2021\/07\/IMG-20210729-WA0065.jpg 1201w\" sizes=\"auto, (max-width: 769px) 100vw, 769px\" \/><figcaption>Fotos: PMPE\/Divulga\u00e7\u00e3o<\/figcaption><\/figure>\n","protected":false},"excerpt":{"rendered":"<p>Policiais militares do 7\u00ba BPM, em opera\u00e7\u00e3o que contou com apoio de policiais civis, prenderam quatro homens e recuperaram produtos&hellip;<\/p>\n","protected":false},"author":1,"featured_media":72622,"comment_status":"open","ping_status":"open","sticky":false,"template":"","format":"standard","meta":{"footnotes":""},"categories":[14121],"tags":[2,19532,1950,22307],"class_list":["post-72621","post","type-post","status-publish","format-standard","has-post-thumbnail","hentry","category-policial","tag-blog-do-edvaldo-magalhaes","tag-blog-mais-acessado-e-visualizado-de-caruaru-e-regiao","tag-noticias-de-caruaru","tag-uadrilha-fortemente-armada-e-capturada-pela-pm-em-pernambuco"],"_links":{"self":[{"href":"https:\/\/blogdoedvaldomagalhaes.com.br\/index.php\/wp-json\/wp\/v2\/posts\/72621","targetHints":{"allow":["GET"]}}],"collection":[{"href":"https:\/\/blogdoedvaldomagalhaes.com.br\/index.php\/wp-json\/wp\/v2\/posts"}],"about":[{"href":"https:\/\/blogdoedvaldomagalhaes.com.br\/index.php\/wp-json\/wp\/v2\/types\/post"}],"author":[{"embeddable":true,"href":"https:\/\/blogdoedvaldomagalhaes.com.br\/index.php\/wp-json\/wp\/v2\/users\/1"}],"replies":[{"embeddable":true,"href":"https:\/\/blogdoedvaldomagalhaes.com.br\/index.php\/wp-json\/wp\/v2\/comments?post=72621"}],"version-history":[{"count":2,"href":"https:\/\/blogdoedvaldomagalhaes.com.br\/index.php\/wp-json\/wp\/v2\/posts\/72621\/revisions"}],"predecessor-version":[{"id":72625,"href":"https:\/\/blogdoedvaldomagalhaes.com.br\/index.php\/wp-json\/wp\/v2\/posts\/72621\/revisions\/72625"}],"wp:featuredmedia":[{"embeddable":true,"href":"https:\/\/blogdoedvaldomagalhaes.com.br\/index.php\/wp-json\/wp\/v2\/media\/72622"}],"wp:attachment":[{"href":"https:\/\/blogdoedvaldomagalhaes.com.br\/index.php\/wp-json\/wp\/v2\/media?parent=72621"}],"wp:term":[{"taxonomy":"category","embeddable":true,"href":"https:\/\/blogdoedvaldomagalhaes.com.br\/index.php\/wp-json\/wp\/v2\/categories?post=72621"},{"taxonomy":"post_tag","embeddable":true,"href":"https:\/\/blogdoedvaldomagalhaes.com.br\/index.php\/wp-json\/wp\/v2\/tags?post=72621"}],"curies":[{"name":"wp","href":"https:\/\/api.w.org\/{rel}","templated":true}]}}