{"id":72618,"date":"2021-07-29T12:31:42","date_gmt":"2021-07-29T15:31:42","guid":{"rendered":"https:\/\/blogdoedvaldomagalhaes.com.br\/?p=72618"},"modified":"2021-07-29T12:31:44","modified_gmt":"2021-07-29T15:31:44","slug":"erick-lessa-solicita-a-funasa-saneamento-basico-para-cidades-do-agreste","status":"publish","type":"post","link":"https:\/\/blogdoedvaldomagalhaes.com.br\/index.php\/2021\/07\/29\/erick-lessa-solicita-a-funasa-saneamento-basico-para-cidades-do-agreste\/","title":{"rendered":"Erick Lessa solicita \u00e0 Funasa saneamento b\u00e1sico para cidades do Agreste"},"content":{"rendered":"<p style=\"text-align: justify;\"><span style=\"font-size: inherit;\">Na luta por melhores condi\u00e7\u00f5es de vida para a popula\u00e7\u00e3o do interior de Pernambuco, o deputado estadual Erick Lessa se reuniu com o superintendente estadual da Funda\u00e7\u00e3o Nacional de Sa\u00fade (Funasa), Francisco Papal\u00e9o. O parlamentar apresentou demandas relacionadas \u00e0 constru\u00e7\u00e3o de sistemas simplificados de abastecimento de \u00e1gua e de banheiros em casas rurais situadas nos munic\u00edpios de Jata\u00faba, Brejo da Madre de Deus, Riacho das Almas, Taquaritinga do Norte, Cumaru, Toritama, S\u00e3o Caetano e Caruaru.<\/span><\/p>\n<p style=\"text-align: justify;\">O deputado explanou que a popula\u00e7\u00e3o da \u00e1rea rural dos munic\u00edpios citados necessita de cuidados b\u00e1sicos. \u201cConstruir banheiros em casas rurais, al\u00e9m de sistemas de abastecimento de \u00e1gua, ser\u00e3o a\u00e7\u00f5es muito importantes para promover e proteger a sa\u00fade das pessoas dessas localidades\u201d, reiterou, complementando que conhece bem a realidade, devido \u00e0s visitas que realiza costumeiramente nas comunidades rurais.<\/p>\n<p style=\"text-align: justify;\">Ainda durante a reuni\u00e3o, ocorrida na ter\u00e7a-feira (27), Lessa entregou um of\u00edcio com detalhes sobre as solicita\u00e7\u00f5es. O superintendente da Funasa ressaltou a import\u00e2ncia do pleito e afirmou que tomar\u00e1 as medidas necess\u00e1rias visando a atender \u00e0s demandas. F<span style=\"font-size: inherit;\">oto: Viliane Gomes.<\/span><\/p>\n","protected":false},"excerpt":{"rendered":"<p>Na luta por melhores condi\u00e7\u00f5es de vida para a popula\u00e7\u00e3o do interior de Pernambuco, o deputado estadual Erick Lessa se&hellip;<\/p>\n","protected":false},"author":1,"featured_media":72619,"comment_status":"open","ping_status":"open","sticky":false,"template":"","format":"standard","meta":{"footnotes":""},"categories":[14122],"tags":[2,19532,22306,1950,20],"class_list":["post-72618","post","type-post","status-publish","format-standard","has-post-thumbnail","hentry","category-politica","tag-blog-do-edvaldo-magalhaes","tag-blog-mais-acessado-e-visualizado-de-caruaru-e-regiao","tag-erick-lessa-solicita-a-funasa-saneamento-basico-para-cidades-do-agreste","tag-noticias-de-caruaru","tag-politica"],"_links":{"self":[{"href":"https:\/\/blogdoedvaldomagalhaes.com.br\/index.php\/wp-json\/wp\/v2\/posts\/72618","targetHints":{"allow":["GET"]}}],"collection":[{"href":"https:\/\/blogdoedvaldomagalhaes.com.br\/index.php\/wp-json\/wp\/v2\/posts"}],"about":[{"href":"https:\/\/blogdoedvaldomagalhaes.com.br\/index.php\/wp-json\/wp\/v2\/types\/post"}],"author":[{"embeddable":true,"href":"https:\/\/blogdoedvaldomagalhaes.com.br\/index.php\/wp-json\/wp\/v2\/users\/1"}],"replies":[{"embeddable":true,"href":"https:\/\/blogdoedvaldomagalhaes.com.br\/index.php\/wp-json\/wp\/v2\/comments?post=72618"}],"version-history":[{"count":1,"href":"https:\/\/blogdoedvaldomagalhaes.com.br\/index.php\/wp-json\/wp\/v2\/posts\/72618\/revisions"}],"predecessor-version":[{"id":72620,"href":"https:\/\/blogdoedvaldomagalhaes.com.br\/index.php\/wp-json\/wp\/v2\/posts\/72618\/revisions\/72620"}],"wp:featuredmedia":[{"embeddable":true,"href":"https:\/\/blogdoedvaldomagalhaes.com.br\/index.php\/wp-json\/wp\/v2\/media\/72619"}],"wp:attachment":[{"href":"https:\/\/blogdoedvaldomagalhaes.com.br\/index.php\/wp-json\/wp\/v2\/media?parent=72618"}],"wp:term":[{"taxonomy":"category","embeddable":true,"href":"https:\/\/blogdoedvaldomagalhaes.com.br\/index.php\/wp-json\/wp\/v2\/categories?post=72618"},{"taxonomy":"post_tag","embeddable":true,"href":"https:\/\/blogdoedvaldomagalhaes.com.br\/index.php\/wp-json\/wp\/v2\/tags?post=72618"}],"curies":[{"name":"wp","href":"https:\/\/api.w.org\/{rel}","templated":true}]}}