{"id":72615,"date":"2021-07-29T10:17:40","date_gmt":"2021-07-29T13:17:40","guid":{"rendered":"https:\/\/blogdoedvaldomagalhaes.com.br\/?p=72615"},"modified":"2021-07-29T10:17:41","modified_gmt":"2021-07-29T13:17:41","slug":"suspeito-de-homicidio-e-trafico-de-drogas-e-preso-em-caruaru","status":"publish","type":"post","link":"https:\/\/blogdoedvaldomagalhaes.com.br\/index.php\/2021\/07\/29\/suspeito-de-homicidio-e-trafico-de-drogas-e-preso-em-caruaru\/","title":{"rendered":"Suspeito de homic\u00eddio e tr\u00e1fico de drogas \u00e9 preso em Caruaru"},"content":{"rendered":"<p style=\"text-align: justify;\"><span style=\"font-size: inherit;\">Policiais Militares do 4\u00baBPM, na quarta-feira (28\/07), ap\u00f3s informa\u00e7\u00f5es do servi\u00e7o de intelig\u00eancia, seguiram at\u00e9 a Travessa Professora Ad\u00e9lia Leal, no bairro Petr\u00f3polis, em Caruaru, onde realizaram a pris\u00e3o de um suspeito de tr\u00e1fico de drogas e homic\u00eddio, que atuava no bairro do Centen\u00e1rio.<\/span><\/p>\n<p style=\"text-align: justify;\">Com o homem foram apreendidos 230g de crack, 44 bigs de maconha, uma balan\u00e7a de precis\u00e3o e registros escritos da movimenta\u00e7\u00e3o do tr\u00e1fico. Ele \u00e9 suspeito de ter cometido no \u00faltimo dia 15 de junho um homic\u00eddio no bairro do Centen\u00e1rio, vitimando fatalmente o filho de um ex-vereador de Caruaru.<\/p>\n<p style=\"text-align: justify;\">O suspeito e as drogas foram apresentados na Delegacia de Policial de Plant\u00e3o de Caruaru para ado\u00e7\u00e3o das medidas legais cab\u00edveis.<\/p>\n","protected":false},"excerpt":{"rendered":"<p>Policiais Militares do 4\u00baBPM, na quarta-feira (28\/07), ap\u00f3s informa\u00e7\u00f5es do servi\u00e7o de intelig\u00eancia, seguiram at\u00e9 a Travessa Professora Ad\u00e9lia Leal,&hellip;<\/p>\n","protected":false},"author":1,"featured_media":72616,"comment_status":"open","ping_status":"open","sticky":false,"template":"","format":"standard","meta":{"footnotes":""},"categories":[14121],"tags":[2,19532,1950,22305],"class_list":["post-72615","post","type-post","status-publish","format-standard","has-post-thumbnail","hentry","category-policial","tag-blog-do-edvaldo-magalhaes","tag-blog-mais-acessado-e-visualizado-de-caruaru-e-regiao","tag-noticias-de-caruaru","tag-suspeito-de-homicidio-e-trafico-de-drogas-e-preso-em-caruaru"],"_links":{"self":[{"href":"https:\/\/blogdoedvaldomagalhaes.com.br\/index.php\/wp-json\/wp\/v2\/posts\/72615","targetHints":{"allow":["GET"]}}],"collection":[{"href":"https:\/\/blogdoedvaldomagalhaes.com.br\/index.php\/wp-json\/wp\/v2\/posts"}],"about":[{"href":"https:\/\/blogdoedvaldomagalhaes.com.br\/index.php\/wp-json\/wp\/v2\/types\/post"}],"author":[{"embeddable":true,"href":"https:\/\/blogdoedvaldomagalhaes.com.br\/index.php\/wp-json\/wp\/v2\/users\/1"}],"replies":[{"embeddable":true,"href":"https:\/\/blogdoedvaldomagalhaes.com.br\/index.php\/wp-json\/wp\/v2\/comments?post=72615"}],"version-history":[{"count":1,"href":"https:\/\/blogdoedvaldomagalhaes.com.br\/index.php\/wp-json\/wp\/v2\/posts\/72615\/revisions"}],"predecessor-version":[{"id":72617,"href":"https:\/\/blogdoedvaldomagalhaes.com.br\/index.php\/wp-json\/wp\/v2\/posts\/72615\/revisions\/72617"}],"wp:featuredmedia":[{"embeddable":true,"href":"https:\/\/blogdoedvaldomagalhaes.com.br\/index.php\/wp-json\/wp\/v2\/media\/72616"}],"wp:attachment":[{"href":"https:\/\/blogdoedvaldomagalhaes.com.br\/index.php\/wp-json\/wp\/v2\/media?parent=72615"}],"wp:term":[{"taxonomy":"category","embeddable":true,"href":"https:\/\/blogdoedvaldomagalhaes.com.br\/index.php\/wp-json\/wp\/v2\/categories?post=72615"},{"taxonomy":"post_tag","embeddable":true,"href":"https:\/\/blogdoedvaldomagalhaes.com.br\/index.php\/wp-json\/wp\/v2\/tags?post=72615"}],"curies":[{"name":"wp","href":"https:\/\/api.w.org\/{rel}","templated":true}]}}