{"id":72612,"date":"2021-07-29T08:25:26","date_gmt":"2021-07-29T11:25:26","guid":{"rendered":"https:\/\/blogdoedvaldomagalhaes.com.br\/?p=72612"},"modified":"2021-07-29T08:25:27","modified_gmt":"2021-07-29T11:25:27","slug":"populacao-deve-ficar-atenta-para-nao-perder-o-prazo-da-2a-dose-da-vacina-contra-a-covid-19","status":"publish","type":"post","link":"https:\/\/blogdoedvaldomagalhaes.com.br\/index.php\/2021\/07\/29\/populacao-deve-ficar-atenta-para-nao-perder-o-prazo-da-2a-dose-da-vacina-contra-a-covid-19\/","title":{"rendered":"Popula\u00e7\u00e3o deve ficar atenta para n\u00e3o perder o prazo da 2\u00aa dose da vacina contra a Covid-19"},"content":{"rendered":"<p style=\"text-align: justify;\">Qu<span style=\"font-size: inherit;\">em tomou a 1\u00aa dose (D1) da vacina contra a Covid-19 deve ficar atento(a) ao prazo anotado no comprovante de vacina\u00e7\u00e3o para n\u00e3o perder o dia da 2\u00aa dose (D2).<\/span><\/p>\n<p style=\"text-align: justify;\">Em Caruaru, \u00e9 poss\u00edvel fazer a antecipa\u00e7\u00e3o da D2 da AstraZeneca\/Oxford\/Fiocruz, para aquelas pessoas que j\u00e1 completaram 60 dias da aplica\u00e7\u00e3o da D1. Para antecipar a vacina, \u00e9 necess\u00e1rio realizar o agendamento no site vacina.caruaru.pe.gov.br ou pelo n\u00famero 0800 281 7080.<\/p>\n<p style=\"text-align: justify;\">J\u00e1 quem tomou CoronaVac\/Butantan e Pfizer\/Wyeth n\u00e3o precisa agendar. Basta comparecer, no dia marcado, a um dos Centros de Vacina\u00e7\u00e3o Covid-19, no mesmo hor\u00e1rio que recebeu a 1\u00aa dose. \u00c9 necess\u00e1rio apresentar documento oficial com foto, c\u00f3pia do CPF, c\u00f3pia do comprovante de vacina\u00e7\u00e3o, Cart\u00e3o Nacional do SUS (CNS) e comprovante de resid\u00eancia.<\/p>\n<p style=\"text-align: justify;\">Os Centros de Vacina\u00e7\u00e3o, localizados na Escola Jos\u00e9lia Flor\u00eancio e na Escola Professor Machadinho, funcionam de segunda a sexta, das 7h30 \u00e0s 16h30. J\u00e1 o Centro de Vacina\u00e7\u00e3o, que fica no Espa\u00e7o Cultural Tancredo Neves, est\u00e1 aberto de domingo a domingo, das 7h30 \u00e0s 16h30.<\/p>\n<p style=\"text-align: justify;\">\u201cApenas com as duas doses, o imunizante ter\u00e1 a efic\u00e1cia que \u00e9 garantida pelo fabricante. Por isso, t\u00e3o importante quanto tomar a 1\u00aa dose, \u00e9 tomar a 2\u00aa dose, para que o indiv\u00edduo possa estar, de fato, imunizado contra a doen\u00e7a\u201d, explicou a coordenadora do PNI, Leticia Galv\u00e3o.<\/p>\n","protected":false},"excerpt":{"rendered":"<p>Quem tomou a 1\u00aa dose (D1) da vacina contra a Covid-19 deve ficar atento(a) ao prazo anotado no comprovante de&hellip;<\/p>\n","protected":false},"author":1,"featured_media":72613,"comment_status":"open","ping_status":"open","sticky":false,"template":"","format":"standard","meta":{"footnotes":""},"categories":[14120],"tags":[2,19532,1950,19670,22304],"class_list":["post-72612","post","type-post","status-publish","format-standard","has-post-thumbnail","hentry","category-noticias","tag-blog-do-edvaldo-magalhaes","tag-blog-mais-acessado-e-visualizado-de-caruaru-e-regiao","tag-noticias-de-caruaru","tag-novo-coronavirus","tag-populacao-deve-ficar-atenta-para-nao-perder-o-prazo-da-2a-dose-da-vacina-contra-a-covid-19"],"_links":{"self":[{"href":"https:\/\/blogdoedvaldomagalhaes.com.br\/index.php\/wp-json\/wp\/v2\/posts\/72612","targetHints":{"allow":["GET"]}}],"collection":[{"href":"https:\/\/blogdoedvaldomagalhaes.com.br\/index.php\/wp-json\/wp\/v2\/posts"}],"about":[{"href":"https:\/\/blogdoedvaldomagalhaes.com.br\/index.php\/wp-json\/wp\/v2\/types\/post"}],"author":[{"embeddable":true,"href":"https:\/\/blogdoedvaldomagalhaes.com.br\/index.php\/wp-json\/wp\/v2\/users\/1"}],"replies":[{"embeddable":true,"href":"https:\/\/blogdoedvaldomagalhaes.com.br\/index.php\/wp-json\/wp\/v2\/comments?post=72612"}],"version-history":[{"count":1,"href":"https:\/\/blogdoedvaldomagalhaes.com.br\/index.php\/wp-json\/wp\/v2\/posts\/72612\/revisions"}],"predecessor-version":[{"id":72614,"href":"https:\/\/blogdoedvaldomagalhaes.com.br\/index.php\/wp-json\/wp\/v2\/posts\/72612\/revisions\/72614"}],"wp:featuredmedia":[{"embeddable":true,"href":"https:\/\/blogdoedvaldomagalhaes.com.br\/index.php\/wp-json\/wp\/v2\/media\/72613"}],"wp:attachment":[{"href":"https:\/\/blogdoedvaldomagalhaes.com.br\/index.php\/wp-json\/wp\/v2\/media?parent=72612"}],"wp:term":[{"taxonomy":"category","embeddable":true,"href":"https:\/\/blogdoedvaldomagalhaes.com.br\/index.php\/wp-json\/wp\/v2\/categories?post=72612"},{"taxonomy":"post_tag","embeddable":true,"href":"https:\/\/blogdoedvaldomagalhaes.com.br\/index.php\/wp-json\/wp\/v2\/tags?post=72612"}],"curies":[{"name":"wp","href":"https:\/\/api.w.org\/{rel}","templated":true}]}}