{"id":72609,"date":"2021-07-28T22:54:27","date_gmt":"2021-07-29T01:54:27","guid":{"rendered":"https:\/\/blogdoedvaldomagalhaes.com.br\/?p=72609"},"modified":"2021-07-28T22:54:29","modified_gmt":"2021-07-29T01:54:29","slug":"pandemia-da-covid-19-segue-desacelerando-em-pernambuco-confira","status":"publish","type":"post","link":"https:\/\/blogdoedvaldomagalhaes.com.br\/index.php\/2021\/07\/28\/pandemia-da-covid-19-segue-desacelerando-em-pernambuco-confira\/","title":{"rendered":"Pandemia da covid-19 segue desacelerando em Pernambuco; Confira"},"content":{"rendered":"<p style=\"text-align: justify;\"><span lang=\"PT\">O cen\u00e1rio epidemiol\u00f3gico da Covid-19 continua em desacelera\u00e7\u00e3o em Pernambuco, de acordo com o secret\u00e1rio estadual de Sa\u00fade, Andr\u00e9 Longo. Ele ressaltou que todos os indicadores analisados est\u00e3o em queda. Na Semana Epidemiol\u00f3gica (SE) 29, que compreende o per\u00edodo de 18 a 24 de julho, foram notificados 606 casos de S\u00edndrome Respirat\u00f3ria Aguda Grave (SRAG). \u201cIsso significa o mesmo patamar do final de novembro do ano passado. O quantitativo representa uma queda de 14,6% em rela\u00e7\u00e3o \u00e0 SE 28 e de 34% em rela\u00e7\u00e3o \u00e0 SE 27. J\u00e1 em rela\u00e7\u00e3o \u00e0s solicita\u00e7\u00f5es de leitos, foram registrados 442 pedidos de vagas na Central de Regula\u00e7\u00e3o na SE 29, uma redu\u00e7\u00e3o de 20% em rela\u00e7\u00e3o \u00e0 semana anterior\u201d, afirmou Andr\u00e9 Longo.<\/span><\/p>\n<p style=\"text-align: justify;\"><span lang=\"PT\">O secret\u00e1rio tamb\u00e9m refor\u00e7ou que, mesmo com dados positivos e avan\u00e7os no Plano de Conviv\u00eancia, ainda \u00e9 necess\u00e1rio manter as medidas de preven\u00e7\u00e3o. \u201cApesar de estarmos dando passos \u00e0 frente, os indicadores positivos ainda n\u00e3o nos permitem abdicar do cuidado. Esses indicadores s\u00e3o frutos de um esfor\u00e7o muito grande de toda a sociedade, que n\u00e3o podemos colocar em risco. Por isso, o uso correto da m\u00e1scara, o distanciamento f\u00edsico e os protocolos setoriais s\u00e3o o caminho para continuarmos avan\u00e7ando rumo a uma normalidade poss\u00edvel\u201d, disse.<\/span><\/p>\n<p style=\"text-align: justify;\"><span lang=\"PT\">A\u00a0Secretaria\u00a0Estadual\u00a0de\u00a0Sa\u00fade\u00a0(SES-PE)\u00a0registrou,\u00a0nesta quarta-feira (28\/07), 995 casos da Covid-19. Entre os confirmados hoje, 49 (5%) s\u00e3o casos de S\u00edndrome Respirat\u00f3ria Aguda Grave (SRAG) e 946 (95%) s\u00e3o leves. Agora, Pernambuco totaliza 587.849 casos confirmados da doen\u00e7a, sendo 51.901 graves e 535.948 leves,\u00a0que\u00a0est\u00e3o\u00a0distribu\u00eddos\u00a0por\u00a0todos\u00a0os\u00a0184\u00a0munic\u00edpios\u00a0pernambucanos,\u00a0al\u00e9m\u00a0do\u00a0arquip\u00e9lago\u00a0de\u00a0Fernando\u00a0de\u00a0Noronha.<\/span><\/p>\n<p style=\"text-align: justify;\"><span lang=\"PT\">Al\u00e9m disso, o boletim registra um total de 513.372 pacientes recuperados da doen\u00e7a. Destes,\u00a030.386 eram pacientes graves, que necessitaram de internamento hospitalar, e 482.989 eram\u00a0casos\u00a0leves.<\/span><\/p>\n<p style=\"text-align: justify;\"><span lang=\"PT\">Tamb\u00e9m foram confirmados laboratorialmente 37 novos \u00f3bitos (17 femininos e 20 masculinos),\u00a0ocorridos entre os dias 13\/12\/2020 e 27\/07\/2021. As novas mortes s\u00e3o de pessoas residentes\u00a0dos\u00a0munic\u00edpios\u00a0de Cabo de Santo Agostinho (2), Caruaru (3), Cedro (1), Cust\u00f3dia (1), Feira Nova (1), Ibirajuba (1), Lajedo (1), Olinda (2), Recife (16), Salgueiro (2), Santa Cruz do Capibaribe (1), S\u00e3o Bento do Una (1), S\u00e3o Louren\u00e7o da Mata (1), Surubim (1), Toritama (1) e Vit\u00f3ria de Santo Ant\u00e3o (2). Com\u00a0isso,\u00a0o\u00a0Estado\u00a0totaliza\u00a018.702 mortes\u00a0pela\u00a0doen\u00e7a.<\/span><\/p>\n<p style=\"text-align: justify;\"><span lang=\"PT\">Os\u00a0pacientes\u00a0tinham\u00a0idades\u00a0entre 32 e\u00a0100 anos. As\u00a0faixas\u00a0et\u00e1rias\u00a0s\u00e3o: 30 a 39 (4), 40 a 49 (4), 50\u00a0a\u00a059\u00a0(6),\u00a060\u00a0a\u00a069\u00a0(6),\u00a070\u00a0a\u00a079\u00a0(7),\u00a080\u00a0ou\u00a0mais\u00a0(10).\u00a0Do\u00a0total,\u00a027 tinham\u00a0doen\u00e7as preexistentes:\u00a0diabetes (15), doen\u00e7a cardiovascular (12), hipertens\u00e3o (10), obesidade (3), tabagismo\/hist\u00f3rico de tabagismo (3), hist\u00f3rico de AVC\/AVE (2), doen\u00e7a neurol\u00f3gica (1), hipotireoidismo (1), doen\u00e7a renal (1), c\u00e2ncer (1), doen\u00e7a hep\u00e1tica (1) e doen\u00e7a de Alzheimer (1)\u00a0&#8211; um paciente pode ter mais de uma comorbidade. Os demais seguem em\u00a0investiga\u00e7\u00e3o.<\/span><\/p>\n<div style=\"text-align: justify;\">\n<div dir=\"ltr\">\n<div>\n<p><span lang=\"PT\">A Secretaria Estadual de Sa\u00fade (SES-PE) foi comunicada pela Ag\u00eancia Nacional de Vigil\u00e2ncia Sanit\u00e1ria (Anvisa) de casos positivos da Covid-19 em um navio cargueiro (Bow Clipper) que est\u00e1 cumprindo quarentena em \u00e1rea de fundeio (local em alto-mar onde os navios podem &#8220;estacionar&#8221;). Ao todo, a embarca\u00e7\u00e3o conta com 33 tripulantes de origem filipina. Desses, 5, com idades entre 23 e 49 anos, todos do sexo masculino, apresentaram resultado positivo no exame de RT-PCR para a Covid-19 realizado em laborat\u00f3rio privado. Todos est\u00e3o assintom\u00e1ticos, isolados no navio e cumprindo quarentena separados dos demais.<\/span><\/p>\n<p><span lang=\"PT\">Os tripulantes, testados como protocolo de rotina, fizeram a coleta na sexta (23\/07) e a an\u00e1lise foi realizada por um laborat\u00f3rio privado. Das amostras positivas, o Laborat\u00f3rio Central de Sa\u00fade P\u00fablica (Lacen-PE) conseguiu o resgate de tr\u00eas, retestando todas na \u00faltima ter\u00e7a (27\/07), obtendo resultado negativo para a Covid-19 em todas as tr\u00eas. Agora, a orienta\u00e7\u00e3o da Anvisa \u00e9 que o navio continue cumprindo quarentena na \u00e1rea de fundeio. H\u00e1 libera\u00e7\u00e3o para seguir viagem ap\u00f3s o cumprimento de 14 dias de isolamento, a partir da confirma\u00e7\u00e3o dos casos, ou apresentando teste RT-PCR n\u00e3o detect\u00e1vel em coleta realizada a partir do 10\u00ba dia da quarentena.<\/span><\/p>\n<p><b><span lang=\"PT\">SHOVELER<\/span><\/b><span lang=\"PT\">\u00a0&#8211; Recebeu alta, na \u00faltima ter\u00e7a-feira (27\/07), o tripulante filipino do navio cargueiro Shoveler, que estava em enfermaria de uma unidade privada do Recife. Com isso, n\u00e3o h\u00e1 mais nenhum profissional dessa embarca\u00e7\u00e3o hospitalizado. Ao todo, tr\u00eas precisaram de cuidados m\u00e9dicos. Um veio a \u00f3bito no dia 18\/07 e os outros dois receberam alta.<\/span><\/p>\n<p><span lang=\"PT\">As amostras dos dois tripulantes que se recuperaram passaram por sequenciamento gen\u00e9tico no Instituto Aggeu Magalh\u00e3es (IAM\/Fiocruz-PE), sendo detectada a variante Delta, de origem indiana. Um terceiro tripulante positivo para a Covid-19, que ficou em isolamento no navio, tamb\u00e9m teve essa variante confirmada em sua amostra biol\u00f3gica.<\/span><\/p>\n<p><span lang=\"PT\">Ao todo, 19 tripulantes estavam no navio cargueiro Shoveler. Desses, 10 positivaram para a Covid-19 (3 hospitalizados e 7 permaneceram na embarca\u00e7\u00e3o). A SES-PE ainda realizou o monitoramento de 41 profissionais de sa\u00fade que tiveram contato com os tripulantes. Desses, apenas 1 positivou para a Covid-19. Ap\u00f3s sequenciamento, foi identificada a variante Gama. Ainda foram monitoradas 8 pessoas que tiveram contato com essa trabalhadora que teve Covid-19, sem nenhum caso positivo.<b><\/b><\/span><\/p>\n<p><b><span lang=\"PT\">BALAN\u00c7O DA VACINA\u00c7\u00c3O &#8211;<\/span><\/b><span lang=\"PT\">\u00a0Pernambuco j\u00e1 aplicou 5.753.839 doses de vacinas contra a Covid-19 na sua popula\u00e7\u00e3o, desde o in\u00edcio da campanha de imuniza\u00e7\u00e3o no Estado. Desse total, 1.584.446 pernambucanos completaram seus esquemas vacinais, sendo 1.419.543 pessoas que foram vacinadas com imunizantes aplicados em duas doses e outros 164.903 pernambucanos que foram contemplados com vacina aplicada em dose \u00fanica.<\/span><\/p>\n<p><span lang=\"PT\">Em rela\u00e7\u00e3o \u00e0s primeiras doses, foram 4.169.393 aplica\u00e7\u00f5es. Ao todo, foram feitas a primeira dose em 317.848 trabalhadores de sa\u00fade; 26.073 povos ind\u00edgenas aldeados; 44.073 em comunidades quilombolas; 7.700 idosos em Institui\u00e7\u00f5es de Longa Perman\u00eancia; 677.602 idosos de 60 a 69 anos; 603.168 idosos de 70 e mais; 2.463 pessoas com defici\u00eancia institucionalizadas; 415.900 pessoas com comorbidades; 33.775 pessoas com defici\u00eancia permanente; 65.735 gestantes e pu\u00e9rperas; 383.172 trabalhadores de servi\u00e7os essenciais; 1.567 pessoas em situa\u00e7\u00e3o de rua; 30.946 pessoas privadas de liberdade, al\u00e9m de 1.559.371 pessoas de 18 a 59 anos.<\/span><\/p>\n<p><span lang=\"PT\">Em rela\u00e7\u00e3o \u00e0s segundas doses, j\u00e1 foram beneficiados 246.769 trabalhadores de sa\u00fade; 25.804 povos ind\u00edgenas aldeados; 34.575 em comunidades quilombolas; 5.943 idosos institucionalizados; 496.281 idosos de 60 a 69 anos; 512.446 idosos de 70 anos e mais; 1.191 pessoas com defici\u00eancia institucionalizadas; 62.689 pessoas com comorbidades; 1.713 pessoas com defici\u00eancia permanente; 8.170 trabalhadores de servi\u00e7os essenciais; 23.962 pessoas privadas de liberdade, totalizando 1.419.543 pernambucanos.<\/span><\/p>\n<p><span lang=\"PT\">Em rela\u00e7\u00e3o \u00e0 dose \u00fanica, foram beneficiadas 1.996 idosos de 60 a 69 anos; 486 idosos de 70 anos e mais; 2.502 pessoas com comorbidades; 326 pessoas com defici\u00eancia permanente; 11.683 trabalhadores de servi\u00e7os essenciais; 851 pessoas em situa\u00e7\u00e3o de rua, al\u00e9m de 147.058 pessoas de 18 a 59 anos.<\/span><\/p>\n<\/div>\n<\/div>\n<\/div>\n","protected":false},"excerpt":{"rendered":"<p>O cen\u00e1rio epidemiol\u00f3gico da Covid-19 continua em desacelera\u00e7\u00e3o em Pernambuco, de acordo com o secret\u00e1rio estadual de Sa\u00fade, Andr\u00e9 Longo.&hellip;<\/p>\n","protected":false},"author":1,"featured_media":72610,"comment_status":"open","ping_status":"open","sticky":false,"template":"","format":"standard","meta":{"footnotes":""},"categories":[14120],"tags":[2,19532,1950,19670,22303],"class_list":["post-72609","post","type-post","status-publish","format-standard","has-post-thumbnail","hentry","category-noticias","tag-blog-do-edvaldo-magalhaes","tag-blog-mais-acessado-e-visualizado-de-caruaru-e-regiao","tag-noticias-de-caruaru","tag-novo-coronavirus","tag-pandemia-da-covid-19-segue-desacelerando-em-pernambuco-confira"],"_links":{"self":[{"href":"https:\/\/blogdoedvaldomagalhaes.com.br\/index.php\/wp-json\/wp\/v2\/posts\/72609","targetHints":{"allow":["GET"]}}],"collection":[{"href":"https:\/\/blogdoedvaldomagalhaes.com.br\/index.php\/wp-json\/wp\/v2\/posts"}],"about":[{"href":"https:\/\/blogdoedvaldomagalhaes.com.br\/index.php\/wp-json\/wp\/v2\/types\/post"}],"author":[{"embeddable":true,"href":"https:\/\/blogdoedvaldomagalhaes.com.br\/index.php\/wp-json\/wp\/v2\/users\/1"}],"replies":[{"embeddable":true,"href":"https:\/\/blogdoedvaldomagalhaes.com.br\/index.php\/wp-json\/wp\/v2\/comments?post=72609"}],"version-history":[{"count":1,"href":"https:\/\/blogdoedvaldomagalhaes.com.br\/index.php\/wp-json\/wp\/v2\/posts\/72609\/revisions"}],"predecessor-version":[{"id":72611,"href":"https:\/\/blogdoedvaldomagalhaes.com.br\/index.php\/wp-json\/wp\/v2\/posts\/72609\/revisions\/72611"}],"wp:featuredmedia":[{"embeddable":true,"href":"https:\/\/blogdoedvaldomagalhaes.com.br\/index.php\/wp-json\/wp\/v2\/media\/72610"}],"wp:attachment":[{"href":"https:\/\/blogdoedvaldomagalhaes.com.br\/index.php\/wp-json\/wp\/v2\/media?parent=72609"}],"wp:term":[{"taxonomy":"category","embeddable":true,"href":"https:\/\/blogdoedvaldomagalhaes.com.br\/index.php\/wp-json\/wp\/v2\/categories?post=72609"},{"taxonomy":"post_tag","embeddable":true,"href":"https:\/\/blogdoedvaldomagalhaes.com.br\/index.php\/wp-json\/wp\/v2\/tags?post=72609"}],"curies":[{"name":"wp","href":"https:\/\/api.w.org\/{rel}","templated":true}]}}