{"id":72606,"date":"2021-07-28T21:42:44","date_gmt":"2021-07-29T00:42:44","guid":{"rendered":"https:\/\/blogdoedvaldomagalhaes.com.br\/?p=72606"},"modified":"2021-07-28T21:42:45","modified_gmt":"2021-07-29T00:42:45","slug":"detentos-de-pernambuco-recebem-mencao-honrosa-na-15a-olimpiada-brasileira-de-matematica","status":"publish","type":"post","link":"https:\/\/blogdoedvaldomagalhaes.com.br\/index.php\/2021\/07\/28\/detentos-de-pernambuco-recebem-mencao-honrosa-na-15a-olimpiada-brasileira-de-matematica\/","title":{"rendered":"Detentos de Pernambuco recebem men\u00e7\u00e3o honrosa na 15\u00aa Olimp\u00edada Brasileira de Matem\u00e1tica"},"content":{"rendered":"<p style=\"text-align: justify;\"><span style=\"font-size: inherit;\">Duas pessoas privadas de liberdade (PPLs) do sistema prisional de Pernambuco receberam men\u00e7\u00e3o honrosa na 15\u00aa Olimp\u00edada Brasileira de Matem\u00e1tica das Escolas P\u00fablicas (OBMEP 2019). Em raz\u00e3o da pandemia do novo coronav\u00edrus, a vers\u00e3o 2020 est\u00e1 sendo realizada este ano. Criada em 2005, a olimp\u00edada visa estimular o estudo da matem\u00e1tica e identificar talentos na \u00e1rea.<\/span><\/p>\n<p style=\"text-align: justify;\">Eric Ricardo da Silva, 25 anos, prestou o exame, em 2019, pela Escola Estadual Paulo Freire, localizada dentro da Penitenci\u00e1ria Doutor Enio Pessoa Guerra, no munic\u00edpio de Limoeiro, no Agreste do Estado, onde estava recolhido naquela ocasi\u00e3o. Nestes dois anos, Eric progrediu do regime fechado para o semiaberto e est\u00e1 atualmente no Centro de Ressocializa\u00e7\u00e3o do Agreste (CRA), em Canhotinho. Ele recebeu a not\u00edcia do certificado com surpresa, embora tenha levado o desafio a s\u00e9rio. \u201cSempre gostei de estudar e me dediquei bastante, eu n\u00e3o fiz essa prova de qualquer jeito, fiz pensando que poderia me ajudar no futuro\u201d, contou. Ele informou que j\u00e1 se inscreveu para estudar o 1\u00ba ano do ensino m\u00e9dio no CRA. Um outro reeducando, que n\u00e3o faz mais parte do sistema prisional, tamb\u00e9m foi agraciado com o certificado. Ele estudou na Escola Estadual Monsenhor Adelmar da Mota Valen\u00e7a, localizada no CRA, em Canhotinho.<\/p>\n<p style=\"text-align: justify;\">O secret\u00e1rio de Justi\u00e7a e Direitos Humanos, Pedro Eurico, fala da import\u00e2ncia do estudo para os presos. \u201cEm algum momento essas pessoas voltar\u00e3o ao conv\u00edvio social e a educa\u00e7\u00e3o \u00e9 uma grande aliada no processo de reinser\u00e7\u00e3o social\u201d, destacou. Pernambuco ocupou o primeiro lugar do Norte e Nordeste em n\u00famero de PPLs matriculadas na educa\u00e7\u00e3o b\u00e1sica em 2020, 4.640 matr\u00edculas. Das 23 unidades prisionais, 21 t\u00eam escolas e em todas elas t\u00eam bibliotecas. Todas as unidades prisionais t\u00eam salas de leitura destinadas \u00e0s PPLs, inclusive nas cadeias femininas de Petrolina, Verdejante e Goiana.<\/p>\n<p style=\"text-align: justify;\">A OBMEP \u00e9 um projeto nacional dirigido \u00e0s escolas p\u00fablicas e privadas brasileiras promovida com recursos do Minist\u00e9rio da Educa\u00e7\u00e3o e Minist\u00e9rio da Ci\u00eancia, Tecnologia, Inova\u00e7\u00f5es e Comunica\u00e7\u00f5es.<\/p>\n","protected":false},"excerpt":{"rendered":"<p>Duas pessoas privadas de liberdade (PPLs) do sistema prisional de Pernambuco receberam men\u00e7\u00e3o honrosa na 15\u00aa Olimp\u00edada Brasileira de Matem\u00e1tica&hellip;<\/p>\n","protected":false},"author":1,"featured_media":72607,"comment_status":"open","ping_status":"open","sticky":false,"template":"","format":"standard","meta":{"footnotes":""},"categories":[14120],"tags":[2,19532,22302,1950],"class_list":["post-72606","post","type-post","status-publish","format-standard","has-post-thumbnail","hentry","category-noticias","tag-blog-do-edvaldo-magalhaes","tag-blog-mais-acessado-e-visualizado-de-caruaru-e-regiao","tag-detentos-de-pernambuco-recebem-mencao-honrosa-na-15a-olimpiada-brasileira-de-matematica","tag-noticias-de-caruaru"],"_links":{"self":[{"href":"https:\/\/blogdoedvaldomagalhaes.com.br\/index.php\/wp-json\/wp\/v2\/posts\/72606","targetHints":{"allow":["GET"]}}],"collection":[{"href":"https:\/\/blogdoedvaldomagalhaes.com.br\/index.php\/wp-json\/wp\/v2\/posts"}],"about":[{"href":"https:\/\/blogdoedvaldomagalhaes.com.br\/index.php\/wp-json\/wp\/v2\/types\/post"}],"author":[{"embeddable":true,"href":"https:\/\/blogdoedvaldomagalhaes.com.br\/index.php\/wp-json\/wp\/v2\/users\/1"}],"replies":[{"embeddable":true,"href":"https:\/\/blogdoedvaldomagalhaes.com.br\/index.php\/wp-json\/wp\/v2\/comments?post=72606"}],"version-history":[{"count":1,"href":"https:\/\/blogdoedvaldomagalhaes.com.br\/index.php\/wp-json\/wp\/v2\/posts\/72606\/revisions"}],"predecessor-version":[{"id":72608,"href":"https:\/\/blogdoedvaldomagalhaes.com.br\/index.php\/wp-json\/wp\/v2\/posts\/72606\/revisions\/72608"}],"wp:featuredmedia":[{"embeddable":true,"href":"https:\/\/blogdoedvaldomagalhaes.com.br\/index.php\/wp-json\/wp\/v2\/media\/72607"}],"wp:attachment":[{"href":"https:\/\/blogdoedvaldomagalhaes.com.br\/index.php\/wp-json\/wp\/v2\/media?parent=72606"}],"wp:term":[{"taxonomy":"category","embeddable":true,"href":"https:\/\/blogdoedvaldomagalhaes.com.br\/index.php\/wp-json\/wp\/v2\/categories?post=72606"},{"taxonomy":"post_tag","embeddable":true,"href":"https:\/\/blogdoedvaldomagalhaes.com.br\/index.php\/wp-json\/wp\/v2\/tags?post=72606"}],"curies":[{"name":"wp","href":"https:\/\/api.w.org\/{rel}","templated":true}]}}