{"id":72599,"date":"2021-07-28T21:11:01","date_gmt":"2021-07-29T00:11:01","guid":{"rendered":"https:\/\/blogdoedvaldomagalhaes.com.br\/?p=72599"},"modified":"2021-07-28T21:11:03","modified_gmt":"2021-07-29T00:11:03","slug":"tony-gel-comemora-implantacao-do-detran-online-em-caruaru","status":"publish","type":"post","link":"https:\/\/blogdoedvaldomagalhaes.com.br\/index.php\/2021\/07\/28\/tony-gel-comemora-implantacao-do-detran-online-em-caruaru\/","title":{"rendered":"Tony Gel comemora implanta\u00e7\u00e3o do Detran online em Caruaru"},"content":{"rendered":"<p style=\"text-align: justify;\"><span style=\"font-size: inherit;\">O Deputado Estadual Tony Gel (MDB), est\u00e1 comemorando a implanta\u00e7\u00e3o do Detran online em Caruaru, algo que facilitar\u00e1 o atendimento aos usu\u00e1rios que utilizam os servi\u00e7os do Departamento Estadual de Tr\u00e2nsito na Capital do Forr\u00f3 e outras cidades da regi\u00e3o Agreste.<\/span><\/p>\n<p style=\"text-align: justify;\">Tony ficou bastante satisfeito por ter a sua solicita\u00e7\u00e3o atendida por Roberto Fontelles, presidente do Detran Pernambuco.<\/p>\n<p style=\"text-align: justify;\">&#8220;Agrade\u00e7o ao presidente Fontelles por prontamente ter atendido ao nosso pedido, e desde a \u00faltima sexta-feira (23) o servi\u00e7o est\u00e1 implantado em Caruaru. \u00c9 uma conquista muito importante para os usu\u00e1rios do \u00f3rg\u00e3o. Pois, atrav\u00e9s da plataforma os despachantes podem solicitar e acompanhar diversos servi\u00e7os relativos a ve\u00edculos de onde estiver. \u00c9, sem d\u00favidas, um grande avan\u00e7o&#8221; disse o parlamentar<\/p>\n","protected":false},"excerpt":{"rendered":"<p>O Deputado Estadual Tony Gel (MDB), est\u00e1 comemorando a implanta\u00e7\u00e3o do Detran online em Caruaru, algo que facilitar\u00e1 o atendimento&hellip;<\/p>\n","protected":false},"author":1,"featured_media":72600,"comment_status":"open","ping_status":"open","sticky":false,"template":"","format":"standard","meta":{"footnotes":""},"categories":[14122],"tags":[2,19532,1950,20,22301],"class_list":["post-72599","post","type-post","status-publish","format-standard","has-post-thumbnail","hentry","category-politica","tag-blog-do-edvaldo-magalhaes","tag-blog-mais-acessado-e-visualizado-de-caruaru-e-regiao","tag-noticias-de-caruaru","tag-politica","tag-tony-gel-comemora-implantacao-do-detran-online-em-caruaru"],"_links":{"self":[{"href":"https:\/\/blogdoedvaldomagalhaes.com.br\/index.php\/wp-json\/wp\/v2\/posts\/72599","targetHints":{"allow":["GET"]}}],"collection":[{"href":"https:\/\/blogdoedvaldomagalhaes.com.br\/index.php\/wp-json\/wp\/v2\/posts"}],"about":[{"href":"https:\/\/blogdoedvaldomagalhaes.com.br\/index.php\/wp-json\/wp\/v2\/types\/post"}],"author":[{"embeddable":true,"href":"https:\/\/blogdoedvaldomagalhaes.com.br\/index.php\/wp-json\/wp\/v2\/users\/1"}],"replies":[{"embeddable":true,"href":"https:\/\/blogdoedvaldomagalhaes.com.br\/index.php\/wp-json\/wp\/v2\/comments?post=72599"}],"version-history":[{"count":1,"href":"https:\/\/blogdoedvaldomagalhaes.com.br\/index.php\/wp-json\/wp\/v2\/posts\/72599\/revisions"}],"predecessor-version":[{"id":72601,"href":"https:\/\/blogdoedvaldomagalhaes.com.br\/index.php\/wp-json\/wp\/v2\/posts\/72599\/revisions\/72601"}],"wp:featuredmedia":[{"embeddable":true,"href":"https:\/\/blogdoedvaldomagalhaes.com.br\/index.php\/wp-json\/wp\/v2\/media\/72600"}],"wp:attachment":[{"href":"https:\/\/blogdoedvaldomagalhaes.com.br\/index.php\/wp-json\/wp\/v2\/media?parent=72599"}],"wp:term":[{"taxonomy":"category","embeddable":true,"href":"https:\/\/blogdoedvaldomagalhaes.com.br\/index.php\/wp-json\/wp\/v2\/categories?post=72599"},{"taxonomy":"post_tag","embeddable":true,"href":"https:\/\/blogdoedvaldomagalhaes.com.br\/index.php\/wp-json\/wp\/v2\/tags?post=72599"}],"curies":[{"name":"wp","href":"https:\/\/api.w.org\/{rel}","templated":true}]}}