{"id":72596,"date":"2021-07-28T18:53:01","date_gmt":"2021-07-28T21:53:01","guid":{"rendered":"https:\/\/blogdoedvaldomagalhaes.com.br\/?p=72596"},"modified":"2021-07-28T18:53:03","modified_gmt":"2021-07-28T21:53:03","slug":"governo-pe-aumenta-capacidade-em-eventos-horarios-de-bares-e-restaurantes-ampliados","status":"publish","type":"post","link":"https:\/\/blogdoedvaldomagalhaes.com.br\/index.php\/2021\/07\/28\/governo-pe-aumenta-capacidade-em-eventos-horarios-de-bares-e-restaurantes-ampliados\/","title":{"rendered":"Governo-PE aumenta capacidade em eventos; Hor\u00e1rios de bares e restaurantes ampliados"},"content":{"rendered":"<p style=\"text-align: justify;\">O Governo de Pernambuco anunciou, nesta quarta-feira (28.07), durante coletiva de imprensa, novas flexibiliza\u00e7\u00f5es no Plano de Conviv\u00eancia com a Covid-19 em todo o Estado. A partir da pr\u00f3xima segunda-feira (02.08), bares, restaurantes e demais servi\u00e7os de alimenta\u00e7\u00e3o v\u00e3o poder funcionar das 5h at\u00e9 meia-noite, todos os dias da semana. As atividades esportivas coletivas e individuais e os clubes sociais tamb\u00e9m seguir\u00e3o esse novo limite de hor\u00e1rio. J\u00e1 os eventos corporativos, que continuam com permiss\u00e3o de funcionamento at\u00e9 \u00e0s 23h, poder\u00e3o ser realizados para um p\u00fablico de at\u00e9 200 pessoas ou 50% da capacidade do local, o que for menor.<\/p>\n<p style=\"text-align: justify;\">A secret\u00e1ria executiva de Desenvolvimento Econ\u00f4mico, Ana Paula Vila\u00e7a, explicou que as cola\u00e7\u00f5es de grau, aulas da saudade, cultos ecum\u00eanicos, cinemas, teatros e circos tamb\u00e9m poder\u00e3o ampliar a capacidade para 300 pessoas, ou 50% do local, o que for menor. Ela esclareceu ainda que cinemas e teatros, especificamente, poder\u00e3o funcionar at\u00e9 a meia-noite, durante todos os dias, a partir da pr\u00f3xima semana.<\/p>\n<p style=\"text-align: justify;\">Ana Paula aproveitou para pedir mais conscientiza\u00e7\u00e3o da sociedade neste momento de flexibiliza\u00e7\u00f5es das atividades econ\u00f4micas, e respeito dos frequentadores aos protocolos de sa\u00fade. \u201cPor conta de relatos sobre casos de desrespeito aos protocolos nos bares e restaurantes, principalmente ap\u00f3s a libera\u00e7\u00e3o da m\u00fasica ao vivo, fa\u00e7o um pedido para que todos se conscientizem, pois ainda n\u00e3o vencemos a guerra e os n\u00fameros da pandemia podem voltar a piorar\u201d, afirmou a secret\u00e1ria executiva, refor\u00e7ando que apesar das medidas de flexibiliza\u00e7\u00e3o, os cuidados devem ser mantidos.<\/p>\n<h2 style=\"text-align: justify;\">DADOS EPIDEMIOL\u00d3GICOS<\/h2>\n<p style=\"text-align: justify;\">O cen\u00e1rio epidemiol\u00f3gico da Covid-19 continua em desacelera\u00e7\u00e3o em Pernambuco, de acordo com o secret\u00e1rio estadual de Sa\u00fade, Andr\u00e9 Longo. Ele ressaltou que todos os indicadores analisados est\u00e3o em queda. Na Semana Epidemiol\u00f3gica (SE) 29, que compreende o per\u00edodo de 18 a 24 de julho, foram notificados 606 casos de S\u00edndrome Respirat\u00f3ria Aguda Grave (SRAG). \u201cIsso significa o mesmo patamar do final de novembro do ano passado. O quantitativo representa uma queda de 14,6% em rela\u00e7\u00e3o \u00e0 SE 28 e de 34% em rela\u00e7\u00e3o \u00e0 SE 27. J\u00e1 em rela\u00e7\u00e3o \u00e0s solicita\u00e7\u00f5es de leitos, foram registrados 442 pedidos de vagas na Central de Regula\u00e7\u00e3o na SE 29, uma redu\u00e7\u00e3o de 20% em rela\u00e7\u00e3o \u00e0 semana anterior\u201d, afirmou Andr\u00e9 Longo.<\/p>\n<p style=\"text-align: justify;\">O secret\u00e1rio tamb\u00e9m refor\u00e7ou que, mesmo com dados positivos e avan\u00e7os no Plano de Conviv\u00eancia, ainda \u00e9 necess\u00e1rio manter as medidas de preven\u00e7\u00e3o. \u201cApesar de estarmos dando passos \u00e0 frente, os indicadores positivos ainda n\u00e3o nos permitem abdicar do cuidado. Esses indicadores s\u00e3o frutos de um esfor\u00e7o muito grande de toda a sociedade, que n\u00e3o podemos colocar em risco. Por isso, o uso correto da m\u00e1scara, o distanciamento f\u00edsico e os protocolos setoriais s\u00e3o o caminho para continuarmos avan\u00e7ando rumo a uma normalidade poss\u00edvel\u201d, disse.<\/p>\n<h2 style=\"text-align: justify;\">SEGUNDA DOSE<\/h2>\n<p style=\"text-align: justify;\">Andr\u00e9 Longo fez ainda um chamado \u00e0 popula\u00e7\u00e3o sobre a import\u00e2ncia de finalizar o esquema vacinal contra a Covid-19. \u201cCom a primeira dose, nosso sistema de defesa come\u00e7a a produzir os anticorpos, mas \u00e9 na segunda dose que a resposta imunol\u00f3gica acontece de forma mais intensa, aumentando a efic\u00e1cia e a tornando mais duradoura. Assim, as pessoas que n\u00e3o completam o esquema vacinal correm maior risco de cont\u00e1gio e, principalmente, de agravamento do quadro\u201d, ressaltou. Nos \u00faltimos dois dias, Pernambuco recebeu a maior remessa de imunizantes em uma \u00fanica semana. Do total de 506.470 doses, cerca de 73% (mais de 369 mil) s\u00e3o destinadas exclusivamente para as segundas aplica\u00e7\u00f5es.<\/p>\n<p>Foto: Reprodu\u00e7\u00e3o\/Internet.<\/p>\n","protected":false},"excerpt":{"rendered":"<p>O Governo de Pernambuco anunciou, nesta quarta-feira (28.07), durante coletiva de imprensa, novas flexibiliza\u00e7\u00f5es no Plano de Conviv\u00eancia com a&hellip;<\/p>\n","protected":false},"author":1,"featured_media":72597,"comment_status":"open","ping_status":"open","sticky":false,"template":"","format":"standard","meta":{"footnotes":""},"categories":[14120],"tags":[2,19532,22300,1950,19670],"class_list":["post-72596","post","type-post","status-publish","format-standard","has-post-thumbnail","hentry","category-noticias","tag-blog-do-edvaldo-magalhaes","tag-blog-mais-acessado-e-visualizado-de-caruaru-e-regiao","tag-governo-pe-aumenta-capacidade-em-eventos-horarios-de-bares-e-restaurantes-ampliados","tag-noticias-de-caruaru","tag-novo-coronavirus"],"_links":{"self":[{"href":"https:\/\/blogdoedvaldomagalhaes.com.br\/index.php\/wp-json\/wp\/v2\/posts\/72596","targetHints":{"allow":["GET"]}}],"collection":[{"href":"https:\/\/blogdoedvaldomagalhaes.com.br\/index.php\/wp-json\/wp\/v2\/posts"}],"about":[{"href":"https:\/\/blogdoedvaldomagalhaes.com.br\/index.php\/wp-json\/wp\/v2\/types\/post"}],"author":[{"embeddable":true,"href":"https:\/\/blogdoedvaldomagalhaes.com.br\/index.php\/wp-json\/wp\/v2\/users\/1"}],"replies":[{"embeddable":true,"href":"https:\/\/blogdoedvaldomagalhaes.com.br\/index.php\/wp-json\/wp\/v2\/comments?post=72596"}],"version-history":[{"count":1,"href":"https:\/\/blogdoedvaldomagalhaes.com.br\/index.php\/wp-json\/wp\/v2\/posts\/72596\/revisions"}],"predecessor-version":[{"id":72598,"href":"https:\/\/blogdoedvaldomagalhaes.com.br\/index.php\/wp-json\/wp\/v2\/posts\/72596\/revisions\/72598"}],"wp:featuredmedia":[{"embeddable":true,"href":"https:\/\/blogdoedvaldomagalhaes.com.br\/index.php\/wp-json\/wp\/v2\/media\/72597"}],"wp:attachment":[{"href":"https:\/\/blogdoedvaldomagalhaes.com.br\/index.php\/wp-json\/wp\/v2\/media?parent=72596"}],"wp:term":[{"taxonomy":"category","embeddable":true,"href":"https:\/\/blogdoedvaldomagalhaes.com.br\/index.php\/wp-json\/wp\/v2\/categories?post=72596"},{"taxonomy":"post_tag","embeddable":true,"href":"https:\/\/blogdoedvaldomagalhaes.com.br\/index.php\/wp-json\/wp\/v2\/tags?post=72596"}],"curies":[{"name":"wp","href":"https:\/\/api.w.org\/{rel}","templated":true}]}}