{"id":7259,"date":"2016-12-26T12:53:00","date_gmt":"2016-12-26T14:53:00","guid":{"rendered":"http:\/\/blogdoedvaldomagalhaes.com.br\/index.php\/2016\/12\/26\/dois-laterais-direitos-sao-avaliados-no\/"},"modified":"2019-02-09T01:11:42","modified_gmt":"2019-02-09T03:11:42","slug":"dois-laterais-direitos-sao-avaliados-no","status":"publish","type":"post","link":"https:\/\/blogdoedvaldomagalhaes.com.br\/index.php\/2016\/12\/26\/dois-laterais-direitos-sao-avaliados-no\/","title":{"rendered":"Dois laterais direitos s\u00e3o avaliados no Central de Caruaru"},"content":{"rendered":"<div class=\"separator\" style=\"clear: both; text-align: center;\">\n<a href=\"https:\/\/4.bp.blogspot.com\/-GsQmCWeVuos\/WGERcXUryOI\/AAAAAAAAMXM\/d4Ntb7YJQ2oBzHuF24BugxviBu6IW6abACLcB\/s1600\/romero.jpg\" imageanchor=\"1\" style=\"margin-left: 1em; margin-right: 1em;\"><img loading=\"lazy\" decoding=\"async\" border=\"0\" height=\"400\" src=\"http:\/\/blogdoedvaldomagalhaes.com.br\/wp-content\/uploads\/2016\/12\/romero.jpg\" width=\"235\" \/><\/a><\/div>\n<div class=\"MsoNormal\" style=\"background-color: white; text-align: justify;\">\n<\/div>\n<div class=\"MsoNormal\" style=\"background-color: white; text-align: justify;\">\nRomero Casinhas chegou \u00e0 Caruaru na \u00faltima quinta-feira (22) &nbsp;e na sexta-feira (23) foi a vez do tamb\u00e9m lateral-direito Baiano aparecer no Lacerd\u00e3o. Os dois j\u00e1 jogaram no Central e estavam esquecidos do torcedor Pernambucano.<\/div>\n<div class=\"MsoNormal\" style=\"background-color: white; text-align: justify;\">\n<\/div>\n<div class=\"separator\" style=\"clear: both; text-align: center;\">\n<a href=\"https:\/\/4.bp.blogspot.com\/--VSW1Gwv6_E\/WGER9WzVRpI\/AAAAAAAAMXQ\/H7Gf6mb7X1kRzWzLW3L5dQLEghax1sddACLcB\/s1600\/baiano.jpg\" imageanchor=\"1\" style=\"margin-left: 1em; margin-right: 1em;\"><img loading=\"lazy\" decoding=\"async\" border=\"0\" height=\"374\" src=\"http:\/\/blogdoedvaldomagalhaes.com.br\/wp-content\/uploads\/2016\/12\/baiano.jpg\" width=\"400\" \/><\/a><\/div>\n<div class=\"MsoNormal\" style=\"background-color: white; text-align: justify;\">\n<\/div>\n<div class=\"MsoNormal\" style=\"background-color: white; text-align: justify;\">\nRomero Casinhas est\u00e1 com 31 anos e defendeu o clube nos anos de 2011 e 2012, enquanto Baiano tem 27 anos e vestiu a camisa alvi-negra em 2009 e 2010. Eles est\u00e3o passando por um per\u00edodo de observa\u00e7\u00e3o do t\u00e9cnico Laelson Lima, se forem aprovados, assinar\u00e3o contratos com o clube caruaruense.<\/div>\n<div class=\"MsoNormal\" style=\"background-color: white; text-align: justify;\">\n<\/div>\n<div class=\"MsoNormal\" style=\"background-color: white; text-align: justify;\">\nO \u00faltimo clube de Romero foi o Picos\/PI, j\u00e1 o de Baiano foi o Murici\/AL.<\/div>\n","protected":false},"excerpt":{"rendered":"<p>Romero Casinhas chegou \u00e0 Caruaru na \u00faltima quinta-feira (22) &nbsp;e na sexta-feira (23) foi a vez do tamb\u00e9m lateral-direito Baiano&hellip;<\/p>\n","protected":false},"author":1,"featured_media":0,"comment_status":"open","ping_status":"open","sticky":false,"template":"","format":"standard","meta":{"footnotes":""},"categories":[1],"tags":[10117,2,10118,3,2955,8970,9970],"class_list":["post-7259","post","type-post","status-publish","format-standard","hentry","category-sem-categoria","tag-baiano","tag-blog-do-edvaldo-magalhaes","tag-dois-laterais-direitos-sao-avaliados-no-central-de-caruaru","tag-futebol","tag-lacerdao","tag-laelson-lima","tag-romero-casinhas"],"_links":{"self":[{"href":"https:\/\/blogdoedvaldomagalhaes.com.br\/index.php\/wp-json\/wp\/v2\/posts\/7259","targetHints":{"allow":["GET"]}}],"collection":[{"href":"https:\/\/blogdoedvaldomagalhaes.com.br\/index.php\/wp-json\/wp\/v2\/posts"}],"about":[{"href":"https:\/\/blogdoedvaldomagalhaes.com.br\/index.php\/wp-json\/wp\/v2\/types\/post"}],"author":[{"embeddable":true,"href":"https:\/\/blogdoedvaldomagalhaes.com.br\/index.php\/wp-json\/wp\/v2\/users\/1"}],"replies":[{"embeddable":true,"href":"https:\/\/blogdoedvaldomagalhaes.com.br\/index.php\/wp-json\/wp\/v2\/comments?post=7259"}],"version-history":[{"count":1,"href":"https:\/\/blogdoedvaldomagalhaes.com.br\/index.php\/wp-json\/wp\/v2\/posts\/7259\/revisions"}],"predecessor-version":[{"id":15459,"href":"https:\/\/blogdoedvaldomagalhaes.com.br\/index.php\/wp-json\/wp\/v2\/posts\/7259\/revisions\/15459"}],"wp:attachment":[{"href":"https:\/\/blogdoedvaldomagalhaes.com.br\/index.php\/wp-json\/wp\/v2\/media?parent=7259"}],"wp:term":[{"taxonomy":"category","embeddable":true,"href":"https:\/\/blogdoedvaldomagalhaes.com.br\/index.php\/wp-json\/wp\/v2\/categories?post=7259"},{"taxonomy":"post_tag","embeddable":true,"href":"https:\/\/blogdoedvaldomagalhaes.com.br\/index.php\/wp-json\/wp\/v2\/tags?post=7259"}],"curies":[{"name":"wp","href":"https:\/\/api.w.org\/{rel}","templated":true}]}}