{"id":72585,"date":"2021-07-28T18:20:44","date_gmt":"2021-07-28T21:20:44","guid":{"rendered":"https:\/\/blogdoedvaldomagalhaes.com.br\/?p=72585"},"modified":"2021-07-28T21:29:40","modified_gmt":"2021-07-29T00:29:40","slug":"motorista-e-morto-dentro-de-casa-em-caruaru","status":"publish","type":"post","link":"https:\/\/blogdoedvaldomagalhaes.com.br\/index.php\/2021\/07\/28\/motorista-e-morto-dentro-de-casa-em-caruaru\/","title":{"rendered":"Motorista \u00e9 morto dentro de casa em Caruaru"},"content":{"rendered":"<p style=\"text-align: justify;\">O motorista Wemerson Marques da Silva, conhecido como Sas\u00e1, de 32 anos de idade, que morava sozinho, foi morto a facadas dentro da pr\u00f3pria resid\u00eancia no Loteamento Jo\u00e3o Barreto, em Caruaru, o corpo foi encontrado na tarde desta quarta-feira (28).<\/p>\n<p style=\"text-align: justify;\">Autoria e motiva\u00e7\u00e3o do crime ainda s\u00e3o desconhecidas.<span style=\"font-size: inherit; text-align: justify;\">\u00a0 O corpo foi encaminhado para o IML de Caruaru.<\/span><\/p>\n<p style=\"text-align: justify;\">Esse foi o 7\u00ba homic\u00eddio do m\u00eas de julho, e o 65\u00b0 no ano de 2021, em Caruaru.<\/p>\n\n\n<figure class=\"wp-block-image size-large\"><img loading=\"lazy\" decoding=\"async\" width=\"816\" height=\"459\" src=\"https:\/\/blogdoedvaldomagalhaes.com.br\/wp-content\/uploads\/2021\/07\/IMG-20210728-WA0166.jpg\" alt=\"\" class=\"wp-image-72592\" srcset=\"https:\/\/blogdoedvaldomagalhaes.com.br\/wp-content\/uploads\/2021\/07\/IMG-20210728-WA0166.jpg 816w, https:\/\/blogdoedvaldomagalhaes.com.br\/wp-content\/uploads\/2021\/07\/IMG-20210728-WA0166-300x169.jpg 300w, https:\/\/blogdoedvaldomagalhaes.com.br\/wp-content\/uploads\/2021\/07\/IMG-20210728-WA0166-768x432.jpg 768w, https:\/\/blogdoedvaldomagalhaes.com.br\/wp-content\/uploads\/2021\/07\/IMG-20210728-WA0166-720x405.jpg 720w\" sizes=\"auto, (max-width: 816px) 100vw, 816px\" \/><\/figure>\n\n\n\n<figure class=\"wp-block-image size-large\"><img loading=\"lazy\" decoding=\"async\" width=\"816\" height=\"459\" src=\"https:\/\/blogdoedvaldomagalhaes.com.br\/wp-content\/uploads\/2021\/07\/IMG-20210728-WA0168.jpg\" alt=\"\" class=\"wp-image-72594\" srcset=\"https:\/\/blogdoedvaldomagalhaes.com.br\/wp-content\/uploads\/2021\/07\/IMG-20210728-WA0168.jpg 816w, https:\/\/blogdoedvaldomagalhaes.com.br\/wp-content\/uploads\/2021\/07\/IMG-20210728-WA0168-300x169.jpg 300w, https:\/\/blogdoedvaldomagalhaes.com.br\/wp-content\/uploads\/2021\/07\/IMG-20210728-WA0168-768x432.jpg 768w, https:\/\/blogdoedvaldomagalhaes.com.br\/wp-content\/uploads\/2021\/07\/IMG-20210728-WA0168-720x405.jpg 720w\" sizes=\"auto, (max-width: 816px) 100vw, 816px\" \/><figcaption>Fotos: Blog do Edvaldo Magalh\u00e3es<\/figcaption><\/figure>\n","protected":false},"excerpt":{"rendered":"<p>O motorista Wemerson Marques da Silva, conhecido como Sas\u00e1, de 32 anos de idade, que morava sozinho, foi morto a&hellip;<\/p>\n","protected":false},"author":1,"featured_media":72586,"comment_status":"open","ping_status":"open","sticky":false,"template":"","format":"standard","meta":{"footnotes":""},"categories":[14121],"tags":[2,19532,5448,22299,1950],"class_list":["post-72585","post","type-post","status-publish","format-standard","has-post-thumbnail","hentry","category-policial","tag-blog-do-edvaldo-magalhaes","tag-blog-mais-acessado-e-visualizado-de-caruaru-e-regiao","tag-homicidio","tag-motorista-e-morto-dentro-de-casa-em-caruaru","tag-noticias-de-caruaru"],"_links":{"self":[{"href":"https:\/\/blogdoedvaldomagalhaes.com.br\/index.php\/wp-json\/wp\/v2\/posts\/72585","targetHints":{"allow":["GET"]}}],"collection":[{"href":"https:\/\/blogdoedvaldomagalhaes.com.br\/index.php\/wp-json\/wp\/v2\/posts"}],"about":[{"href":"https:\/\/blogdoedvaldomagalhaes.com.br\/index.php\/wp-json\/wp\/v2\/types\/post"}],"author":[{"embeddable":true,"href":"https:\/\/blogdoedvaldomagalhaes.com.br\/index.php\/wp-json\/wp\/v2\/users\/1"}],"replies":[{"embeddable":true,"href":"https:\/\/blogdoedvaldomagalhaes.com.br\/index.php\/wp-json\/wp\/v2\/comments?post=72585"}],"version-history":[{"count":7,"href":"https:\/\/blogdoedvaldomagalhaes.com.br\/index.php\/wp-json\/wp\/v2\/posts\/72585\/revisions"}],"predecessor-version":[{"id":72605,"href":"https:\/\/blogdoedvaldomagalhaes.com.br\/index.php\/wp-json\/wp\/v2\/posts\/72585\/revisions\/72605"}],"wp:featuredmedia":[{"embeddable":true,"href":"https:\/\/blogdoedvaldomagalhaes.com.br\/index.php\/wp-json\/wp\/v2\/media\/72586"}],"wp:attachment":[{"href":"https:\/\/blogdoedvaldomagalhaes.com.br\/index.php\/wp-json\/wp\/v2\/media?parent=72585"}],"wp:term":[{"taxonomy":"category","embeddable":true,"href":"https:\/\/blogdoedvaldomagalhaes.com.br\/index.php\/wp-json\/wp\/v2\/categories?post=72585"},{"taxonomy":"post_tag","embeddable":true,"href":"https:\/\/blogdoedvaldomagalhaes.com.br\/index.php\/wp-json\/wp\/v2\/tags?post=72585"}],"curies":[{"name":"wp","href":"https:\/\/api.w.org\/{rel}","templated":true}]}}