{"id":72576,"date":"2021-07-28T12:47:26","date_gmt":"2021-07-28T15:47:26","guid":{"rendered":"https:\/\/blogdoedvaldomagalhaes.com.br\/?p=72576"},"modified":"2021-07-28T13:42:45","modified_gmt":"2021-07-28T16:42:45","slug":"vereador-de-primavera-preso-suspeito-de-planejar-crime-que-resultou-em-morte-de-secretario-municipal","status":"publish","type":"post","link":"https:\/\/blogdoedvaldomagalhaes.com.br\/index.php\/2021\/07\/28\/vereador-de-primavera-preso-suspeito-de-planejar-crime-que-resultou-em-morte-de-secretario-municipal\/","title":{"rendered":"Vereador de Primavera preso suspeito de planejar crime que resultou em morte de secret\u00e1rio municipal"},"content":{"rendered":"<p style=\"text-align: justify;\"><span style=\"font-size: inherit;\">Na manh\u00e3 desta quarta-feira (28) o vereador Jos\u00e9 Carlos dos Santos, 38 anos, conhecido como Irm\u00e3o Cac\u00e1 do Sindicato (PSB), suspeito de ter planejado o crime que resultou na morte de Maur\u00edcio Bezerra de Barros Neto, secret\u00e1rio executivo de Primavera, Zona da Mata de Pernambuco.<\/span><\/p>\n<p style=\"text-align: justify;\">A v\u00edtima foi morta por tr\u00eas disparos de arma de fogo no rosto e peito, quando estava em uma barreira sanit\u00e1ria montada para combater a COVID-19, em um terreno da Usina Uni\u00e3o, no \u00faltimo dia 07 de julho. O vereador foi levado para delegacia de Escada, tamb\u00e9m na zona da mata, onde o caso est\u00e1 sendo investigado.<\/p>\n<p style=\"text-align: justify;\">De acordo com o delegado Erivaldo Guerra, respons\u00e1vel pelas investiga\u00e7\u00f5es &#8220;o alvo dos matadores seria um ex-funcion\u00e1rios do vereador que trabalhou em campanha sindical, e que o secret\u00e1rio teria sido morto por engano. O f<span style=\"font-size: inherit;\">uncion\u00e1rio teria atentado contra uma mulher que disputava vaga da presid\u00eancia do sindicato, e que desde est\u00e3o o ex-funcion\u00e1rio estava tentando extorquir o vereador mandante. O vereador teria mantido contato com um presidi\u00e1rio e planejou o homic\u00eddio do ex-funcion\u00e1rio, que trabalhava no mesmo local da v\u00edtima. Dois pistoleiros teriam sido contratados&#8221;, concluiu o delgado.<\/span><\/p>\n\n\n<figure class=\"wp-block-image size-large\"><img loading=\"lazy\" decoding=\"async\" width=\"474\" height=\"475\" src=\"https:\/\/blogdoedvaldomagalhaes.com.br\/wp-content\/uploads\/2021\/07\/IMG-20210728-WA0072.jpg\" alt=\"\" class=\"wp-image-72582\" srcset=\"https:\/\/blogdoedvaldomagalhaes.com.br\/wp-content\/uploads\/2021\/07\/IMG-20210728-WA0072.jpg 474w, https:\/\/blogdoedvaldomagalhaes.com.br\/wp-content\/uploads\/2021\/07\/IMG-20210728-WA0072-300x300.jpg 300w, https:\/\/blogdoedvaldomagalhaes.com.br\/wp-content\/uploads\/2021\/07\/IMG-20210728-WA0072-150x150.jpg 150w\" sizes=\"auto, (max-width: 474px) 100vw, 474px\" \/><figcaption>Vereador Irm\u00e3o Cac\u00e1 do Sindicato<\/figcaption><\/figure>\n","protected":false},"excerpt":{"rendered":"<p>Na manh\u00e3 desta quarta-feira (28) o vereador Jos\u00e9 Carlos dos Santos, 38 anos, conhecido como Irm\u00e3o Cac\u00e1 do Sindicato (PSB),&hellip;<\/p>\n","protected":false},"author":1,"featured_media":72577,"comment_status":"open","ping_status":"open","sticky":false,"template":"","format":"standard","meta":{"footnotes":""},"categories":[14121],"tags":[2,19418,5448,1950,22298],"class_list":["post-72576","post","type-post","status-publish","format-standard","has-post-thumbnail","hentry","category-policial","tag-blog-do-edvaldo-magalhaes","tag-blog-mais-acessado-de-caruaru-e-regiao","tag-homicidio","tag-noticias-de-caruaru","tag-vereador-de-primavera-preso-suspeito-de-planejar-crime-que-resultou-em-morte-de-secretario-municipal"],"_links":{"self":[{"href":"https:\/\/blogdoedvaldomagalhaes.com.br\/index.php\/wp-json\/wp\/v2\/posts\/72576","targetHints":{"allow":["GET"]}}],"collection":[{"href":"https:\/\/blogdoedvaldomagalhaes.com.br\/index.php\/wp-json\/wp\/v2\/posts"}],"about":[{"href":"https:\/\/blogdoedvaldomagalhaes.com.br\/index.php\/wp-json\/wp\/v2\/types\/post"}],"author":[{"embeddable":true,"href":"https:\/\/blogdoedvaldomagalhaes.com.br\/index.php\/wp-json\/wp\/v2\/users\/1"}],"replies":[{"embeddable":true,"href":"https:\/\/blogdoedvaldomagalhaes.com.br\/index.php\/wp-json\/wp\/v2\/comments?post=72576"}],"version-history":[{"count":3,"href":"https:\/\/blogdoedvaldomagalhaes.com.br\/index.php\/wp-json\/wp\/v2\/posts\/72576\/revisions"}],"predecessor-version":[{"id":72583,"href":"https:\/\/blogdoedvaldomagalhaes.com.br\/index.php\/wp-json\/wp\/v2\/posts\/72576\/revisions\/72583"}],"wp:featuredmedia":[{"embeddable":true,"href":"https:\/\/blogdoedvaldomagalhaes.com.br\/index.php\/wp-json\/wp\/v2\/media\/72577"}],"wp:attachment":[{"href":"https:\/\/blogdoedvaldomagalhaes.com.br\/index.php\/wp-json\/wp\/v2\/media?parent=72576"}],"wp:term":[{"taxonomy":"category","embeddable":true,"href":"https:\/\/blogdoedvaldomagalhaes.com.br\/index.php\/wp-json\/wp\/v2\/categories?post=72576"},{"taxonomy":"post_tag","embeddable":true,"href":"https:\/\/blogdoedvaldomagalhaes.com.br\/index.php\/wp-json\/wp\/v2\/tags?post=72576"}],"curies":[{"name":"wp","href":"https:\/\/api.w.org\/{rel}","templated":true}]}}