{"id":72570,"date":"2021-07-28T09:11:53","date_gmt":"2021-07-28T12:11:53","guid":{"rendered":"https:\/\/blogdoedvaldomagalhaes.com.br\/?p=72570"},"modified":"2021-07-28T09:11:55","modified_gmt":"2021-07-28T12:11:55","slug":"movimento-viver-pernambuco-promove-em-caruaru-seminario-prefeitos-de-expressao-nesta-quarta-28","status":"publish","type":"post","link":"https:\/\/blogdoedvaldomagalhaes.com.br\/index.php\/2021\/07\/28\/movimento-viver-pernambuco-promove-em-caruaru-seminario-prefeitos-de-expressao-nesta-quarta-28\/","title":{"rendered":"Movimento Viver Pernambuco promove em Caruaru semin\u00e1rio \u201cPrefeitos de Express\u00e3o\u201d nesta quarta (28)"},"content":{"rendered":"<p style=\"text-align: justify;\">Todos os brasileiros moram, trabalham e geram impostos no munic\u00edpio. Da\u00ed a import\u00e2ncia das prefeituras e dos prefeitos na vida das pessoas. Consciente desta realidade, o Movimento Viver Pernambuco vai homenagear \u201cPrefeitos de Express\u00e3o\u201d que desenvolveram as suas gest\u00f5es no per\u00edodo de 2017 a 2020.<\/p>\n<p style=\"text-align: justify;\">O semin\u00e1rio acontece nesta quarta-feira (28), \u00e0s 16h, no audit\u00f3rio da Faculdade UNINASSAU Caruaru. Ser\u00e3o reconhecidos os trabalhos de prefeitos e prefeitas com a entrega de certificados de reconhecimento de gest\u00e3o positiva.<\/p>\n<p style=\"text-align: justify;\">O evento ter\u00e1 abertura com a sauda\u00e7\u00e3o do presidente da Confedera\u00e7\u00e3o Nacional de Munic\u00edpios (CNM), Paulo Ziulkoski, idealizador da \u201cMarcha a Bras\u00edlia em Defesa dos Munic\u00edpios\u201d.<\/p>\n<p style=\"text-align: justify;\">Homenagem especial ser\u00e1 prestada ao presidente, em quinto mandato, da Associa\u00e7\u00e3o Municipalista de Pernambuco (AMUPE), Jos\u00e9 Patriota, que tamb\u00e9m \u00e9 diretor nacional da Confedera\u00e7\u00e3o Nacional dos Munic\u00edpios.<\/p>\n<p style=\"text-align: justify;\"><strong>Programa\u00e7\u00e3o<\/strong><\/p>\n<p style=\"text-align: justify;\">\u2013 Abertura com sauda\u00e7\u00e3o do Presidente da Confedera\u00e7\u00e3o Nacional de Munic\u00edpios, Paulo, Ziulkoski.<\/p>\n<p style=\"text-align: justify;\">\u2013 Palestra com o consultor em Gest\u00e3o P\u00fablica e Cons\u00f3rcios P\u00fablicos La\u00e9rcio Queiroz, com o tema \u201cO Poder dos Munic\u00edpios\u201d.<\/p>\n<p style=\"text-align: justify;\">\u2013 Homenagens aos prefeitos e prefeitas que desenvolveram gest\u00e3o positiva no per\u00edodo 2017\/2020.<\/p>\n<p style=\"text-align: justify;\">Outras informa\u00e7\u00f5es no (81) 999717755.<br \/>\nhttps:\/\/www.instagram.com\/p\/CRyMTUJNl0J\/?utm_medium=share_sheet<\/p>\n","protected":false},"excerpt":{"rendered":"<p>Todos os brasileiros moram, trabalham e geram impostos no munic\u00edpio. Da\u00ed a import\u00e2ncia das prefeituras e dos prefeitos na vida&hellip;<\/p>\n","protected":false},"author":1,"featured_media":72571,"comment_status":"open","ping_status":"open","sticky":false,"template":"","format":"standard","meta":{"footnotes":""},"categories":[14120],"tags":[2,19532,22296,1950],"class_list":["post-72570","post","type-post","status-publish","format-standard","has-post-thumbnail","hentry","category-noticias","tag-blog-do-edvaldo-magalhaes","tag-blog-mais-acessado-e-visualizado-de-caruaru-e-regiao","tag-movimento-viver-pernambuco-promove-em-caruaru-seminario-prefeitos-de-expressao-nesta-quarta-28","tag-noticias-de-caruaru"],"_links":{"self":[{"href":"https:\/\/blogdoedvaldomagalhaes.com.br\/index.php\/wp-json\/wp\/v2\/posts\/72570","targetHints":{"allow":["GET"]}}],"collection":[{"href":"https:\/\/blogdoedvaldomagalhaes.com.br\/index.php\/wp-json\/wp\/v2\/posts"}],"about":[{"href":"https:\/\/blogdoedvaldomagalhaes.com.br\/index.php\/wp-json\/wp\/v2\/types\/post"}],"author":[{"embeddable":true,"href":"https:\/\/blogdoedvaldomagalhaes.com.br\/index.php\/wp-json\/wp\/v2\/users\/1"}],"replies":[{"embeddable":true,"href":"https:\/\/blogdoedvaldomagalhaes.com.br\/index.php\/wp-json\/wp\/v2\/comments?post=72570"}],"version-history":[{"count":1,"href":"https:\/\/blogdoedvaldomagalhaes.com.br\/index.php\/wp-json\/wp\/v2\/posts\/72570\/revisions"}],"predecessor-version":[{"id":72572,"href":"https:\/\/blogdoedvaldomagalhaes.com.br\/index.php\/wp-json\/wp\/v2\/posts\/72570\/revisions\/72572"}],"wp:featuredmedia":[{"embeddable":true,"href":"https:\/\/blogdoedvaldomagalhaes.com.br\/index.php\/wp-json\/wp\/v2\/media\/72571"}],"wp:attachment":[{"href":"https:\/\/blogdoedvaldomagalhaes.com.br\/index.php\/wp-json\/wp\/v2\/media?parent=72570"}],"wp:term":[{"taxonomy":"category","embeddable":true,"href":"https:\/\/blogdoedvaldomagalhaes.com.br\/index.php\/wp-json\/wp\/v2\/categories?post=72570"},{"taxonomy":"post_tag","embeddable":true,"href":"https:\/\/blogdoedvaldomagalhaes.com.br\/index.php\/wp-json\/wp\/v2\/tags?post=72570"}],"curies":[{"name":"wp","href":"https:\/\/api.w.org\/{rel}","templated":true}]}}