{"id":72565,"date":"2021-07-27T23:39:37","date_gmt":"2021-07-28T02:39:37","guid":{"rendered":"https:\/\/blogdoedvaldomagalhaes.com.br\/?p=72565"},"modified":"2021-07-27T23:39:39","modified_gmt":"2021-07-28T02:39:39","slug":"vereador-fagner-fernandes-volta-a-se-reunir-com-ze-queiroz-em-caruaru","status":"publish","type":"post","link":"https:\/\/blogdoedvaldomagalhaes.com.br\/index.php\/2021\/07\/27\/vereador-fagner-fernandes-volta-a-se-reunir-com-ze-queiroz-em-caruaru\/","title":{"rendered":"Vereador Fagner Fernandes volta a se reunir com Z\u00e9 Queiroz em Caruaru"},"content":{"rendered":"<p style=\"text-align: justify;\"><span style=\"font-size: inherit;\">O vereador Fagner Fernandes (PDT) esteve reunido nesta ter\u00e7a-feira (27) com o deputado estadual, Z\u00e9 Queiroz (PDT), no gabinete do parlamentar em Caruaru.<\/span><\/p>\n<p style=\"text-align: justify;\">Como l\u00edder do partido na C\u00e2mara Municipal, Fagner Fernandes recebeu o convite do deputado para atualizar sobre as a\u00e7\u00f5es desenvolvidas pela sigla na cidade e fortalecer apoios. \u201cFui o primeiro a receber o convite do deputado, que volta a atender o p\u00fablico a partir de hoje de forma presencial. Queiroz \u00e9 uma grande lideran\u00e7a pol\u00edtica de Caruaru e fico feliz com esse retorno e pela sua sa\u00fade. Tratamos de muitos assuntos relacionados \u00e0 Caruaru e sobre a atua\u00e7\u00e3o do partido\u201d, pontuou.<\/p>\n<p style=\"text-align: justify;\">Para o deputado Queiroz, Fagner realiza um grande trabalho por Caruaru e sempre defendeu os interesses da popula\u00e7\u00e3o na Casa. \u201cNessa retomada das atividades presenciais, n\u00e3o poderia deixar de receber o meu l\u00edder na c\u00e2mara de vereadores que desempenha um grande trabalho. Ele se mostra interessado pelas demandas do povo e quero dar o meu apoio a ele no que for poss\u00edvel\u201d, disse o parlamentar.<\/p>\n","protected":false},"excerpt":{"rendered":"<p>O vereador Fagner Fernandes (PDT) esteve reunido nesta ter\u00e7a-feira (27) com o deputado estadual, Z\u00e9 Queiroz (PDT), no gabinete do&hellip;<\/p>\n","protected":false},"author":1,"featured_media":72566,"comment_status":"open","ping_status":"open","sticky":false,"template":"","format":"standard","meta":{"footnotes":""},"categories":[14122],"tags":[2,19532,1950,20,22295],"class_list":["post-72565","post","type-post","status-publish","format-standard","has-post-thumbnail","hentry","category-politica","tag-blog-do-edvaldo-magalhaes","tag-blog-mais-acessado-e-visualizado-de-caruaru-e-regiao","tag-noticias-de-caruaru","tag-politica","tag-vereador-fagner-fernandes-volta-a-se-reunir-com-ze-queiroz-em-caruaru"],"_links":{"self":[{"href":"https:\/\/blogdoedvaldomagalhaes.com.br\/index.php\/wp-json\/wp\/v2\/posts\/72565","targetHints":{"allow":["GET"]}}],"collection":[{"href":"https:\/\/blogdoedvaldomagalhaes.com.br\/index.php\/wp-json\/wp\/v2\/posts"}],"about":[{"href":"https:\/\/blogdoedvaldomagalhaes.com.br\/index.php\/wp-json\/wp\/v2\/types\/post"}],"author":[{"embeddable":true,"href":"https:\/\/blogdoedvaldomagalhaes.com.br\/index.php\/wp-json\/wp\/v2\/users\/1"}],"replies":[{"embeddable":true,"href":"https:\/\/blogdoedvaldomagalhaes.com.br\/index.php\/wp-json\/wp\/v2\/comments?post=72565"}],"version-history":[{"count":1,"href":"https:\/\/blogdoedvaldomagalhaes.com.br\/index.php\/wp-json\/wp\/v2\/posts\/72565\/revisions"}],"predecessor-version":[{"id":72567,"href":"https:\/\/blogdoedvaldomagalhaes.com.br\/index.php\/wp-json\/wp\/v2\/posts\/72565\/revisions\/72567"}],"wp:featuredmedia":[{"embeddable":true,"href":"https:\/\/blogdoedvaldomagalhaes.com.br\/index.php\/wp-json\/wp\/v2\/media\/72566"}],"wp:attachment":[{"href":"https:\/\/blogdoedvaldomagalhaes.com.br\/index.php\/wp-json\/wp\/v2\/media?parent=72565"}],"wp:term":[{"taxonomy":"category","embeddable":true,"href":"https:\/\/blogdoedvaldomagalhaes.com.br\/index.php\/wp-json\/wp\/v2\/categories?post=72565"},{"taxonomy":"post_tag","embeddable":true,"href":"https:\/\/blogdoedvaldomagalhaes.com.br\/index.php\/wp-json\/wp\/v2\/tags?post=72565"}],"curies":[{"name":"wp","href":"https:\/\/api.w.org\/{rel}","templated":true}]}}