{"id":72562,"date":"2021-07-27T22:29:16","date_gmt":"2021-07-28T01:29:16","guid":{"rendered":"https:\/\/blogdoedvaldomagalhaes.com.br\/?p=72562"},"modified":"2021-07-27T22:29:17","modified_gmt":"2021-07-28T01:29:17","slug":"nova-ampliacao-de-faixa-etaria-para-a-vacinacao-contra-a-covid-19-em-caruaru","status":"publish","type":"post","link":"https:\/\/blogdoedvaldomagalhaes.com.br\/index.php\/2021\/07\/27\/nova-ampliacao-de-faixa-etaria-para-a-vacinacao-contra-a-covid-19-em-caruaru\/","title":{"rendered":"Nova amplia\u00e7\u00e3o de faixa et\u00e1ria para a vacina\u00e7\u00e3o contra a Covid-19 em Caruaru"},"content":{"rendered":"<p style=\"text-align: justify;\"><span style=\"font-size: inherit;\">A noite desta ter\u00e7a-feira (27) vai chegando ao fim com uma novidade para os caruaruenses. A guia de agendamento das pessoas com 34 anos j\u00e1 est\u00e1 dispon\u00edvel no site www.vacina.caruaru.pe.gov.br, no mesmo local onde \u00e9 realizado o pr\u00e9-cadastro. Nela, constam as informa\u00e7\u00f5es sobre dia, hor\u00e1rio e local da imuniza\u00e7\u00e3o.<\/span><\/p>\n<p style=\"text-align: justify;\">Quem fez o pr\u00e9-cadastro ter\u00e1 seu agendamento realizado de forma autom\u00e1tica. Quem ainda n\u00e3o fez, ser\u00e1 necess\u00e1rio realizar o preenchimento do formul\u00e1rio de pr\u00e9-cadastro para que possa ser beneficiado com a nova amplia\u00e7\u00e3o.<\/p>\n<p style=\"text-align: justify;\">Para se vacinar, \u00e9 preciso comparecer no dia, hor\u00e1rio e local agendado, levando RG, c\u00f3pia do CPF, cart\u00e3o do SUS (CNS) e comprovante de resid\u00eancia.<\/p>\n","protected":false},"excerpt":{"rendered":"<p>A noite desta ter\u00e7a-feira (27) vai chegando ao fim com uma novidade para os caruaruenses. A guia de agendamento das&hellip;<\/p>\n","protected":false},"author":1,"featured_media":72563,"comment_status":"open","ping_status":"open","sticky":false,"template":"","format":"standard","meta":{"footnotes":""},"categories":[14120],"tags":[2,19532,1950,22294,19670],"class_list":["post-72562","post","type-post","status-publish","format-standard","has-post-thumbnail","hentry","category-noticias","tag-blog-do-edvaldo-magalhaes","tag-blog-mais-acessado-e-visualizado-de-caruaru-e-regiao","tag-noticias-de-caruaru","tag-nova-ampliacao-de-faixa-etaria-para-a-vacinacao-contra-a-covid-19-em-caruaru","tag-novo-coronavirus"],"_links":{"self":[{"href":"https:\/\/blogdoedvaldomagalhaes.com.br\/index.php\/wp-json\/wp\/v2\/posts\/72562","targetHints":{"allow":["GET"]}}],"collection":[{"href":"https:\/\/blogdoedvaldomagalhaes.com.br\/index.php\/wp-json\/wp\/v2\/posts"}],"about":[{"href":"https:\/\/blogdoedvaldomagalhaes.com.br\/index.php\/wp-json\/wp\/v2\/types\/post"}],"author":[{"embeddable":true,"href":"https:\/\/blogdoedvaldomagalhaes.com.br\/index.php\/wp-json\/wp\/v2\/users\/1"}],"replies":[{"embeddable":true,"href":"https:\/\/blogdoedvaldomagalhaes.com.br\/index.php\/wp-json\/wp\/v2\/comments?post=72562"}],"version-history":[{"count":1,"href":"https:\/\/blogdoedvaldomagalhaes.com.br\/index.php\/wp-json\/wp\/v2\/posts\/72562\/revisions"}],"predecessor-version":[{"id":72564,"href":"https:\/\/blogdoedvaldomagalhaes.com.br\/index.php\/wp-json\/wp\/v2\/posts\/72562\/revisions\/72564"}],"wp:featuredmedia":[{"embeddable":true,"href":"https:\/\/blogdoedvaldomagalhaes.com.br\/index.php\/wp-json\/wp\/v2\/media\/72563"}],"wp:attachment":[{"href":"https:\/\/blogdoedvaldomagalhaes.com.br\/index.php\/wp-json\/wp\/v2\/media?parent=72562"}],"wp:term":[{"taxonomy":"category","embeddable":true,"href":"https:\/\/blogdoedvaldomagalhaes.com.br\/index.php\/wp-json\/wp\/v2\/categories?post=72562"},{"taxonomy":"post_tag","embeddable":true,"href":"https:\/\/blogdoedvaldomagalhaes.com.br\/index.php\/wp-json\/wp\/v2\/tags?post=72562"}],"curies":[{"name":"wp","href":"https:\/\/api.w.org\/{rel}","templated":true}]}}