{"id":72556,"date":"2021-07-27T22:05:21","date_gmt":"2021-07-28T01:05:21","guid":{"rendered":"https:\/\/blogdoedvaldomagalhaes.com.br\/?p=72556"},"modified":"2021-07-27T22:05:22","modified_gmt":"2021-07-28T01:05:22","slug":"trecho-da-avenida-leao-dourado-em-caruaru-interditado-por-30-dias","status":"publish","type":"post","link":"https:\/\/blogdoedvaldomagalhaes.com.br\/index.php\/2021\/07\/27\/trecho-da-avenida-leao-dourado-em-caruaru-interditado-por-30-dias\/","title":{"rendered":"Trecho da Avenida Le\u00e3o Dourado em Caruaru, interditado por 30 dias"},"content":{"rendered":"<p style=\"text-align: justify;\">Um trecho da Avenida Le\u00e3o Dourado, pr\u00f3ximo ao Distrito Industrial, em Caruaru, ser\u00e1 interditado na manh\u00e3 desta quarta-feira (28). Haver\u00e1 execu\u00e7\u00e3o de obras de drenagem.<\/p>\n<p style=\"text-align: justify;\">Os motoristas dever\u00e3o fazer o trajeto pela Rua Humberto de Fran\u00e7a Silva, Rua Ant\u00f4nio Juli\u00e3o Ramos, Avenida Jo\u00e3o Soares Machado, retornando na Avenida Le\u00e3o Dourado, at\u00e9 a conclus\u00e3o e libera\u00e7\u00e3o da via. De acordo com a Autarquia de Mobilidade, Tr\u00e2nsito e Transportes de Caruaru (AMTTC), os servi\u00e7os devem ser conclu\u00eddos em 30 dias.<\/p>\n\n\n<figure class=\"wp-block-image size-large\"><img loading=\"lazy\" decoding=\"async\" width=\"1024\" height=\"668\" src=\"https:\/\/blogdoedvaldomagalhaes.com.br\/wp-content\/uploads\/2021\/07\/Interdicao-1-1024x668-1.jpg\" alt=\"\" class=\"wp-image-72558\" srcset=\"https:\/\/blogdoedvaldomagalhaes.com.br\/wp-content\/uploads\/2021\/07\/Interdicao-1-1024x668-1.jpg 1024w, https:\/\/blogdoedvaldomagalhaes.com.br\/wp-content\/uploads\/2021\/07\/Interdicao-1-1024x668-1-300x196.jpg 300w, https:\/\/blogdoedvaldomagalhaes.com.br\/wp-content\/uploads\/2021\/07\/Interdicao-1-1024x668-1-768x501.jpg 768w\" sizes=\"auto, (max-width: 1024px) 100vw, 1024px\" \/><\/figure>\n","protected":false},"excerpt":{"rendered":"<p>Um trecho da Avenida Le\u00e3o Dourado, pr\u00f3ximo ao Distrito Industrial, em Caruaru, ser\u00e1 interditado na manh\u00e3 desta quarta-feira (28). Haver\u00e1&hellip;<\/p>\n","protected":false},"author":1,"featured_media":72557,"comment_status":"open","ping_status":"open","sticky":false,"template":"","format":"standard","meta":{"footnotes":""},"categories":[14120],"tags":[2,19532,1950,22293],"class_list":["post-72556","post","type-post","status-publish","format-standard","has-post-thumbnail","hentry","category-noticias","tag-blog-do-edvaldo-magalhaes","tag-blog-mais-acessado-e-visualizado-de-caruaru-e-regiao","tag-noticias-de-caruaru","tag-trecho-da-avenida-leao-dourado-em-caruaru-interditado-por-30-dias"],"_links":{"self":[{"href":"https:\/\/blogdoedvaldomagalhaes.com.br\/index.php\/wp-json\/wp\/v2\/posts\/72556","targetHints":{"allow":["GET"]}}],"collection":[{"href":"https:\/\/blogdoedvaldomagalhaes.com.br\/index.php\/wp-json\/wp\/v2\/posts"}],"about":[{"href":"https:\/\/blogdoedvaldomagalhaes.com.br\/index.php\/wp-json\/wp\/v2\/types\/post"}],"author":[{"embeddable":true,"href":"https:\/\/blogdoedvaldomagalhaes.com.br\/index.php\/wp-json\/wp\/v2\/users\/1"}],"replies":[{"embeddable":true,"href":"https:\/\/blogdoedvaldomagalhaes.com.br\/index.php\/wp-json\/wp\/v2\/comments?post=72556"}],"version-history":[{"count":1,"href":"https:\/\/blogdoedvaldomagalhaes.com.br\/index.php\/wp-json\/wp\/v2\/posts\/72556\/revisions"}],"predecessor-version":[{"id":72559,"href":"https:\/\/blogdoedvaldomagalhaes.com.br\/index.php\/wp-json\/wp\/v2\/posts\/72556\/revisions\/72559"}],"wp:featuredmedia":[{"embeddable":true,"href":"https:\/\/blogdoedvaldomagalhaes.com.br\/index.php\/wp-json\/wp\/v2\/media\/72557"}],"wp:attachment":[{"href":"https:\/\/blogdoedvaldomagalhaes.com.br\/index.php\/wp-json\/wp\/v2\/media?parent=72556"}],"wp:term":[{"taxonomy":"category","embeddable":true,"href":"https:\/\/blogdoedvaldomagalhaes.com.br\/index.php\/wp-json\/wp\/v2\/categories?post=72556"},{"taxonomy":"post_tag","embeddable":true,"href":"https:\/\/blogdoedvaldomagalhaes.com.br\/index.php\/wp-json\/wp\/v2\/tags?post=72556"}],"curies":[{"name":"wp","href":"https:\/\/api.w.org\/{rel}","templated":true}]}}