{"id":72548,"date":"2021-07-27T20:53:53","date_gmt":"2021-07-27T23:53:53","guid":{"rendered":"https:\/\/blogdoedvaldomagalhaes.com.br\/?p=72548"},"modified":"2021-07-28T00:07:32","modified_gmt":"2021-07-28T03:07:32","slug":"irmao-ronaldo-faz-varias-reivindicacoes-em-audiencia-com-a-prefeita-raquel-lyra","status":"publish","type":"post","link":"https:\/\/blogdoedvaldomagalhaes.com.br\/index.php\/2021\/07\/27\/irmao-ronaldo-faz-varias-reivindicacoes-em-audiencia-com-a-prefeita-raquel-lyra\/","title":{"rendered":"Irm\u00e3o Ronaldo faz v\u00e1rias reivindica\u00e7\u00f5es em audi\u00eancia com a prefeita Raquel Lyra"},"content":{"rendered":"<p style=\"text-align: justify;\">Nesta ter\u00e7a-feira (27), o vereador irm\u00e3o Ronaldo esteve em reuni\u00e3o com a prefeita Raquel Lyra, cobrando mais uma vez, que seja instalada no bairro Boa Vista uma escola p\u00fablica municipal, para que os estudantes do Panorama, Severino Afonso, Bara\u00fanas, New York, tenham a oportunidade de estudar perto das suas resid\u00eancias, trazendo mais qualidade, comodidade e valorizando estes importantes bairros da nossa amada Caruaru.<\/p>\n<p style=\"text-align: justify;\">O parlamentar cobrou tamb\u00e9m que seja constru\u00edda a pra\u00e7a modelo <b>\u201cacademia das cidades\u201d<\/b> iniciando em frente a associa\u00e7\u00e3o caruaruense de cegos (ACACE), passando em frente a antena da R\u00e1dio Jornal at\u00e9 a pista de skate no final da avenida Santa Maria da Boa Vista, pois esse requerimento foi solicitado desde janeiro. Trar\u00e1 um novo cart\u00e3o postal para todos os bairros interligados ao Boa Vista, ser\u00e1 um espa\u00e7o para pr\u00e1ticas de atividades esportivas, equipamentos infantis para as crian\u00e7as se divertirem, quadras poliesportivas, uma nova arboriza\u00e7\u00e3o, ilumina\u00e7\u00e3o de led, enfim, assim \u00e9 o desejo da popula\u00e7\u00e3o que anseia por essa pra\u00e7a.<\/p>\n<p style=\"text-align: justify;\">O vereador irm\u00e3o Ronaldo fez novamente um apelo que a prefeitura resolva definitivamente, a quest\u00e3o do saneamento e a pavimenta\u00e7\u00e3o das ruas: <b>S\u00e3o L\u00e1zaro, Pedro Guarda e Maria Yasmim<\/b>, todas localizadas no bairro Severino Afonso, pois os esgotos est\u00e3o estourados, prejudicando e muito a vidas dos moradores, pedestres e o transito de na localidade, al\u00e9m do mal cheiro terr\u00edvel, a prefeita imediatamente ligou para o secret\u00e1rio Rodrigo Miranda e cobrou dele uma r\u00e1pida solu\u00e7\u00e3o para resolver esse problema.<\/p>\n<p style=\"text-align: justify;\">O parlamentar tamb\u00e9m solicitou mais uma vez que seja urgentemente constru\u00eddo o canal da fazenda de Jo\u00e3o dos Cocos o canal dos Moc\u00f3s e assim resolver de uma vez por todas outro grave problema que gera muitos transtornos e em tempos de chuva piora e muito a situa\u00e7\u00e3o dos moradores, pois j\u00e1 houve diversas inunda\u00e7\u00f5es, fazendo com que as fam\u00edlias perdessem todos os seus moveis e pertences.<\/p>\n\n\n<figure class=\"wp-block-image size-large\"><img loading=\"lazy\" decoding=\"async\" width=\"1024\" height=\"768\" src=\"https:\/\/blogdoedvaldomagalhaes.com.br\/wp-content\/uploads\/2021\/07\/IMG-20210727-WA0144-1024x768.jpg\" alt=\"\" class=\"wp-image-72560\" srcset=\"https:\/\/blogdoedvaldomagalhaes.com.br\/wp-content\/uploads\/2021\/07\/IMG-20210727-WA0144-1024x768.jpg 1024w, https:\/\/blogdoedvaldomagalhaes.com.br\/wp-content\/uploads\/2021\/07\/IMG-20210727-WA0144-300x225.jpg 300w, https:\/\/blogdoedvaldomagalhaes.com.br\/wp-content\/uploads\/2021\/07\/IMG-20210727-WA0144-768x576.jpg 768w, https:\/\/blogdoedvaldomagalhaes.com.br\/wp-content\/uploads\/2021\/07\/IMG-20210727-WA0144-1536x1152.jpg 1536w, https:\/\/blogdoedvaldomagalhaes.com.br\/wp-content\/uploads\/2021\/07\/IMG-20210727-WA0144-160x120.jpg 160w, https:\/\/blogdoedvaldomagalhaes.com.br\/wp-content\/uploads\/2021\/07\/IMG-20210727-WA0144.jpg 1600w\" sizes=\"auto, (max-width: 1024px) 100vw, 1024px\" \/><figcaption>Fotos: Divulga\u00e7\u00e3o<\/figcaption><\/figure>\n\n\n\n<p><\/p>\n","protected":false},"excerpt":{"rendered":"<p>Nesta ter\u00e7a-feira (27), o vereador irm\u00e3o Ronaldo esteve em reuni\u00e3o com a prefeita Raquel Lyra, cobrando mais uma vez, que&hellip;<\/p>\n","protected":false},"author":1,"featured_media":72551,"comment_status":"open","ping_status":"open","sticky":false,"template":"","format":"standard","meta":{"footnotes":""},"categories":[14122],"tags":[2,19532,22292,1950,20],"class_list":["post-72548","post","type-post","status-publish","format-standard","has-post-thumbnail","hentry","category-politica","tag-blog-do-edvaldo-magalhaes","tag-blog-mais-acessado-e-visualizado-de-caruaru-e-regiao","tag-irmao-ronaldo-faz-varias-reivindicacoes-em-audiencia-com-a-prefeita-raquel-lyra","tag-noticias-de-caruaru","tag-politica"],"_links":{"self":[{"href":"https:\/\/blogdoedvaldomagalhaes.com.br\/index.php\/wp-json\/wp\/v2\/posts\/72548","targetHints":{"allow":["GET"]}}],"collection":[{"href":"https:\/\/blogdoedvaldomagalhaes.com.br\/index.php\/wp-json\/wp\/v2\/posts"}],"about":[{"href":"https:\/\/blogdoedvaldomagalhaes.com.br\/index.php\/wp-json\/wp\/v2\/types\/post"}],"author":[{"embeddable":true,"href":"https:\/\/blogdoedvaldomagalhaes.com.br\/index.php\/wp-json\/wp\/v2\/users\/1"}],"replies":[{"embeddable":true,"href":"https:\/\/blogdoedvaldomagalhaes.com.br\/index.php\/wp-json\/wp\/v2\/comments?post=72548"}],"version-history":[{"count":3,"href":"https:\/\/blogdoedvaldomagalhaes.com.br\/index.php\/wp-json\/wp\/v2\/posts\/72548\/revisions"}],"predecessor-version":[{"id":72569,"href":"https:\/\/blogdoedvaldomagalhaes.com.br\/index.php\/wp-json\/wp\/v2\/posts\/72548\/revisions\/72569"}],"wp:featuredmedia":[{"embeddable":true,"href":"https:\/\/blogdoedvaldomagalhaes.com.br\/index.php\/wp-json\/wp\/v2\/media\/72551"}],"wp:attachment":[{"href":"https:\/\/blogdoedvaldomagalhaes.com.br\/index.php\/wp-json\/wp\/v2\/media?parent=72548"}],"wp:term":[{"taxonomy":"category","embeddable":true,"href":"https:\/\/blogdoedvaldomagalhaes.com.br\/index.php\/wp-json\/wp\/v2\/categories?post=72548"},{"taxonomy":"post_tag","embeddable":true,"href":"https:\/\/blogdoedvaldomagalhaes.com.br\/index.php\/wp-json\/wp\/v2\/tags?post=72548"}],"curies":[{"name":"wp","href":"https:\/\/api.w.org\/{rel}","templated":true}]}}