{"id":72543,"date":"2021-07-27T19:33:44","date_gmt":"2021-07-27T22:33:44","guid":{"rendered":"https:\/\/blogdoedvaldomagalhaes.com.br\/?p=72543"},"modified":"2021-07-27T21:14:41","modified_gmt":"2021-07-28T00:14:41","slug":"prf-realiza-alerta-a-condutores-no-dia-do-motociclista-confira","status":"publish","type":"post","link":"https:\/\/blogdoedvaldomagalhaes.com.br\/index.php\/2021\/07\/27\/prf-realiza-alerta-a-condutores-no-dia-do-motociclista-confira\/","title":{"rendered":"PRF realiza alerta a condutores no Dia do Motociclista; Confira"},"content":{"rendered":"<p style=\"text-align: justify;\"><span style=\"font-size: inherit;\">Uma blitz para chamar a aten\u00e7\u00e3o do risco no uso irregular de motocicletas foi realizada nesta ter\u00e7a-feira (27), pela Pol\u00edcia Rodovi\u00e1ria Federal (PRF), na BR 101, no bairro da Iputinga, na Zona Oeste do Recife. A iniciativa \u00e9 realizada no Dia do Motociclista e tem como foco a seguran\u00e7a vi\u00e1ria, a partir de a\u00e7\u00f5es educativas e de fiscaliza\u00e7\u00e3o para esse p\u00fablico.<\/span><\/p>\n<p style=\"text-align: justify;\">A iniciativa integra a Opera\u00e7\u00e3o Praevenire, que est\u00e1 sendo realizada no m\u00eas de julho, para coibir as principais condutas causadoras de acidentes em Pernambuco. Durante as abordagens, que contam com o apoio de uma empresa da \u00e1rea de motociclismo, s\u00e3o repassadas orienta\u00e7\u00f5es de seguran\u00e7a, al\u00e9m de serem verificados se os ve\u00edculos ou condutores possuem alguma irregularidade que possa colocar em risco o tr\u00e2nsito.<\/p>\n<p style=\"text-align: justify;\">Um levantamento da PRF indica que 70 pessoas perderam a vida em acidentes envolvendo motocicletas nas rodovias federais de Pernambuco no primeiro semestre deste ano, o que representa cerca de 50% do total de v\u00edtimas mortas no estado, que foi de 141. No ano passado, os motociclistas representaram 44% do total de mortes nas vias federais.<\/p>\n<p style=\"text-align: justify;\">A utiliza\u00e7\u00e3o de motocicletas sofreu algumas altera\u00e7\u00f5es com a Lei 14.071\/20, que modificou o C\u00f3digo de Tr\u00e2nsito Brasileiro (CTB). A primeira diz respeito \u00e0 idade m\u00ednima para o transporte de crian\u00e7as nesses ve\u00edculos, que antes era de 7 anos e agora \u00e9 de 10 anos de idade. As infra\u00e7\u00f5es por conduzir motos com farol apagado e sem a viseira ou \u00f3culos de prote\u00e7\u00e3o eram grav\u00edssimas, al\u00e9m de prever a suspens\u00e3o do direito de dirigir, mas com a nova norma passou a ser m\u00e9dia, no valor de R$130,16 e 4 pontos na Carteira Nacional de Habilita\u00e7\u00e3o (CNH).<\/p>\n<p style=\"text-align: justify;\">Recomenda\u00e7\u00f5es<\/p>\n<p style=\"text-align: justify;\">Algumas recomenda\u00e7\u00f5es s\u00e3o importantes na condu\u00e7\u00e3o desses ve\u00edculos, a exemplo da utiliza\u00e7\u00e3o da antena corta-pipa, um equipamento que previne ferimentos graves nos condutores em caso de contato com fios ou linhas de cerol. Apesar de s\u00f3 ser obrigat\u00f3rio para quem realiza o servi\u00e7o de transporte de passageiros ou de carga, esse dispositivo deveria ser utilizado por todos os motociclistas.<\/p>\n<p style=\"text-align: justify;\">Outro equipamento fundamental, mas que ainda n\u00e3o \u00e9 utilizado por alguns motociclistas \u00e9 o capacete, que deve ser bem ajustado \u00e0 cabe\u00e7a para evitar les\u00f5es em caso de acidente. Apenas no primeiro semestre deste ano, foram emitidas 906 autua\u00e7\u00f5es pela falta deste dispositivo, enquanto no ano passado foram emitidas 3.287 autua\u00e7\u00f5es pela mesma infra\u00e7\u00e3o.<\/p>\n<p style=\"text-align: justify;\">Al\u00e9m disso, \u00e9 recomendada a utiliza\u00e7\u00e3o de jaquetas com refletivos e cal\u00e7ados bem afixados aos p\u00e9s, para proteger os ocupantes do ve\u00edculo em caso de quedas ou colis\u00f5es.<\/p>\n","protected":false},"excerpt":{"rendered":"<p>Uma blitz para chamar a aten\u00e7\u00e3o do risco no uso irregular de motocicletas foi realizada nesta ter\u00e7a-feira (27), pela Pol\u00edcia&hellip;<\/p>\n","protected":false},"author":1,"featured_media":72544,"comment_status":"open","ping_status":"open","sticky":false,"template":"","format":"standard","meta":{"footnotes":""},"categories":[14121],"tags":[2,19532,1950,22291],"class_list":["post-72543","post","type-post","status-publish","format-standard","has-post-thumbnail","hentry","category-policial","tag-blog-do-edvaldo-magalhaes","tag-blog-mais-acessado-e-visualizado-de-caruaru-e-regiao","tag-noticias-de-caruaru","tag-prf-realiza-alerta-a-condutores-no-dia-do-motociclista-confira"],"_links":{"self":[{"href":"https:\/\/blogdoedvaldomagalhaes.com.br\/index.php\/wp-json\/wp\/v2\/posts\/72543","targetHints":{"allow":["GET"]}}],"collection":[{"href":"https:\/\/blogdoedvaldomagalhaes.com.br\/index.php\/wp-json\/wp\/v2\/posts"}],"about":[{"href":"https:\/\/blogdoedvaldomagalhaes.com.br\/index.php\/wp-json\/wp\/v2\/types\/post"}],"author":[{"embeddable":true,"href":"https:\/\/blogdoedvaldomagalhaes.com.br\/index.php\/wp-json\/wp\/v2\/users\/1"}],"replies":[{"embeddable":true,"href":"https:\/\/blogdoedvaldomagalhaes.com.br\/index.php\/wp-json\/wp\/v2\/comments?post=72543"}],"version-history":[{"count":2,"href":"https:\/\/blogdoedvaldomagalhaes.com.br\/index.php\/wp-json\/wp\/v2\/posts\/72543\/revisions"}],"predecessor-version":[{"id":72552,"href":"https:\/\/blogdoedvaldomagalhaes.com.br\/index.php\/wp-json\/wp\/v2\/posts\/72543\/revisions\/72552"}],"wp:featuredmedia":[{"embeddable":true,"href":"https:\/\/blogdoedvaldomagalhaes.com.br\/index.php\/wp-json\/wp\/v2\/media\/72544"}],"wp:attachment":[{"href":"https:\/\/blogdoedvaldomagalhaes.com.br\/index.php\/wp-json\/wp\/v2\/media?parent=72543"}],"wp:term":[{"taxonomy":"category","embeddable":true,"href":"https:\/\/blogdoedvaldomagalhaes.com.br\/index.php\/wp-json\/wp\/v2\/categories?post=72543"},{"taxonomy":"post_tag","embeddable":true,"href":"https:\/\/blogdoedvaldomagalhaes.com.br\/index.php\/wp-json\/wp\/v2\/tags?post=72543"}],"curies":[{"name":"wp","href":"https:\/\/api.w.org\/{rel}","templated":true}]}}