{"id":72540,"date":"2021-07-27T18:16:02","date_gmt":"2021-07-27T21:16:02","guid":{"rendered":"https:\/\/blogdoedvaldomagalhaes.com.br\/?p=72540"},"modified":"2021-07-27T18:16:04","modified_gmt":"2021-07-27T21:16:04","slug":"deputado-erick-lessa-se-reune-com-secretaria-de-turismo-e-lazer-do-recife-cacau-de-paula","status":"publish","type":"post","link":"https:\/\/blogdoedvaldomagalhaes.com.br\/index.php\/2021\/07\/27\/deputado-erick-lessa-se-reune-com-secretaria-de-turismo-e-lazer-do-recife-cacau-de-paula\/","title":{"rendered":"Deputado Erick Lessa se re\u00fane com secret\u00e1ria de Turismo e Lazer do Recife, Cacau de Paula"},"content":{"rendered":"<p style=\"text-align: justify;\"><span style=\"font-size: inherit;\">A retomada do turismo em Pernambuco foi tema de uma reuni\u00e3o entre o deputado estadual Erick Lessa e a secret\u00e1ria de Turismo e Lazer do Recife, Cacau de Paula. O encontro ocorreu nesta ter\u00e7a-feira (27). Na ocasi\u00e3o, tamb\u00e9m foram debatidas estrat\u00e9gias de parcerias entre a pasta municipal e a Comiss\u00e3o de Desenvolvimento Econ\u00f4mica e Turismo da Assembleia Legislativa de Pernambuco, presidida por Lessa.<\/span><\/p>\n<p style=\"text-align: justify;\">De acordo com o parlamentar, a reuni\u00e3o foi um primeiro momento para novas constru\u00e7\u00f5es. \u201cVamos buscar uma integra\u00e7\u00e3o do trabalho que est\u00e1 sendo desenvolvido na capital com o interior, consolidando a Comiss\u00e3o como um canal de interlocu\u00e7\u00e3o entre os diversos atores\u201d, disse. Ainda segundo Lessa, o momento \u00e9 estrat\u00e9gico para a retomada e atra\u00e7\u00e3o de investimentos em destinos tur\u00edsticos.<\/p>\n<p style=\"text-align: justify;\">Foto: Viliane Gomes<\/p>\n","protected":false},"excerpt":{"rendered":"<p>A retomada do turismo em Pernambuco foi tema de uma reuni\u00e3o entre o deputado estadual Erick Lessa e a secret\u00e1ria&hellip;<\/p>\n","protected":false},"author":1,"featured_media":72541,"comment_status":"open","ping_status":"open","sticky":false,"template":"","format":"standard","meta":{"footnotes":""},"categories":[14122],"tags":[2,19532,22290,1950,20],"class_list":["post-72540","post","type-post","status-publish","format-standard","has-post-thumbnail","hentry","category-politica","tag-blog-do-edvaldo-magalhaes","tag-blog-mais-acessado-e-visualizado-de-caruaru-e-regiao","tag-deputado-erick-lessa-se-reune-com-secretaria-de-turismo-e-lazer-do-recife-cacau-de-paula","tag-noticias-de-caruaru","tag-politica"],"_links":{"self":[{"href":"https:\/\/blogdoedvaldomagalhaes.com.br\/index.php\/wp-json\/wp\/v2\/posts\/72540","targetHints":{"allow":["GET"]}}],"collection":[{"href":"https:\/\/blogdoedvaldomagalhaes.com.br\/index.php\/wp-json\/wp\/v2\/posts"}],"about":[{"href":"https:\/\/blogdoedvaldomagalhaes.com.br\/index.php\/wp-json\/wp\/v2\/types\/post"}],"author":[{"embeddable":true,"href":"https:\/\/blogdoedvaldomagalhaes.com.br\/index.php\/wp-json\/wp\/v2\/users\/1"}],"replies":[{"embeddable":true,"href":"https:\/\/blogdoedvaldomagalhaes.com.br\/index.php\/wp-json\/wp\/v2\/comments?post=72540"}],"version-history":[{"count":1,"href":"https:\/\/blogdoedvaldomagalhaes.com.br\/index.php\/wp-json\/wp\/v2\/posts\/72540\/revisions"}],"predecessor-version":[{"id":72542,"href":"https:\/\/blogdoedvaldomagalhaes.com.br\/index.php\/wp-json\/wp\/v2\/posts\/72540\/revisions\/72542"}],"wp:featuredmedia":[{"embeddable":true,"href":"https:\/\/blogdoedvaldomagalhaes.com.br\/index.php\/wp-json\/wp\/v2\/media\/72541"}],"wp:attachment":[{"href":"https:\/\/blogdoedvaldomagalhaes.com.br\/index.php\/wp-json\/wp\/v2\/media?parent=72540"}],"wp:term":[{"taxonomy":"category","embeddable":true,"href":"https:\/\/blogdoedvaldomagalhaes.com.br\/index.php\/wp-json\/wp\/v2\/categories?post=72540"},{"taxonomy":"post_tag","embeddable":true,"href":"https:\/\/blogdoedvaldomagalhaes.com.br\/index.php\/wp-json\/wp\/v2\/tags?post=72540"}],"curies":[{"name":"wp","href":"https:\/\/api.w.org\/{rel}","templated":true}]}}