{"id":72537,"date":"2021-07-27T18:01:13","date_gmt":"2021-07-27T21:01:13","guid":{"rendered":"https:\/\/blogdoedvaldomagalhaes.com.br\/?p=72537"},"modified":"2021-07-27T19:44:52","modified_gmt":"2021-07-27T22:44:52","slug":"vereador-galego-de-lajes-faz-balanco-do-seu-mandato-no-1-semestre-de-2021","status":"publish","type":"post","link":"https:\/\/blogdoedvaldomagalhaes.com.br\/index.php\/2021\/07\/27\/vereador-galego-de-lajes-faz-balanco-do-seu-mandato-no-1-semestre-de-2021\/","title":{"rendered":"Vereador Galego de Lajes faz balan\u00e7o do seu mandato no 1\u00b0 semestre de 2021"},"content":{"rendered":"<p style=\"text-align: justify;\">O vereador Galego de Lajes, apresentou e teve aprovados <span style=\"font-size: inherit;\">at\u00e9 o in\u00edcio deste 2\u00b0 semestre do ano de 2021 o total de 275 proposi\u00e7\u00f5es, 71 of\u00edcios enviados atrav\u00e9s da plataforma digital para as secretarias da Prefeitura de Caruaru e Governo do Estado. Solicita\u00e7\u00f5es importantes, dentre elas: constru\u00e7\u00f5es de escolas, creches, PSF, saneamento b\u00e1sico, recupera\u00e7\u00e3o de vias p\u00fablicas, manuten\u00e7\u00e3o de ilumina\u00e7\u00e3o em v\u00e1rias localidades do Munic\u00edpio, contru\u00e7\u00e3o de barreiros, melhoramento do abastecimento de \u00e1gua na Zona Rural. Solicita\u00e7\u00f5es que v\u00eaem sendo realizadas desde o primeiro mandato, continuo me empenhando dia ap\u00f3s dia em busca de melhorias para nossa Cidade.<\/span><\/p>\n<p style=\"text-align: justify;\">Na Sess\u00e3o Plen\u00e1ria Virtual da C\u00e2mara Municipal de Caruaru, Requerimento de autoria do vereador Galego de Lajes (MDB), foi aprovado por unanimidade, solicitando a instala\u00e7\u00e3o de l\u00e2mpadas de LED, rua Boa Ventura, rua Juv\u00eancio Figueiredo da Costa (Ruas principais), rua Maria Guilhermina, rua Adjasme Herculino, (Beco do Zamba), Vila de Lajes, 2\u00ba Distrito do Munic\u00edpio de Caruaru-PE.<\/p>\n","protected":false},"excerpt":{"rendered":"<p>O vereador Galego de Lajes, apresentou e teve aprovados at\u00e9 o in\u00edcio deste 2\u00b0 semestre do ano de 2021 o&hellip;<\/p>\n","protected":false},"author":1,"featured_media":72538,"comment_status":"open","ping_status":"open","sticky":false,"template":"","format":"standard","meta":{"footnotes":""},"categories":[14122],"tags":[2,19532,1950,20,22289],"class_list":["post-72537","post","type-post","status-publish","format-standard","has-post-thumbnail","hentry","category-politica","tag-blog-do-edvaldo-magalhaes","tag-blog-mais-acessado-e-visualizado-de-caruaru-e-regiao","tag-noticias-de-caruaru","tag-politica","tag-vereador-galego-de-lajes-faz-balanco-do-seu-mandato-no-1-semestre-de-2021"],"_links":{"self":[{"href":"https:\/\/blogdoedvaldomagalhaes.com.br\/index.php\/wp-json\/wp\/v2\/posts\/72537","targetHints":{"allow":["GET"]}}],"collection":[{"href":"https:\/\/blogdoedvaldomagalhaes.com.br\/index.php\/wp-json\/wp\/v2\/posts"}],"about":[{"href":"https:\/\/blogdoedvaldomagalhaes.com.br\/index.php\/wp-json\/wp\/v2\/types\/post"}],"author":[{"embeddable":true,"href":"https:\/\/blogdoedvaldomagalhaes.com.br\/index.php\/wp-json\/wp\/v2\/users\/1"}],"replies":[{"embeddable":true,"href":"https:\/\/blogdoedvaldomagalhaes.com.br\/index.php\/wp-json\/wp\/v2\/comments?post=72537"}],"version-history":[{"count":2,"href":"https:\/\/blogdoedvaldomagalhaes.com.br\/index.php\/wp-json\/wp\/v2\/posts\/72537\/revisions"}],"predecessor-version":[{"id":72547,"href":"https:\/\/blogdoedvaldomagalhaes.com.br\/index.php\/wp-json\/wp\/v2\/posts\/72537\/revisions\/72547"}],"wp:featuredmedia":[{"embeddable":true,"href":"https:\/\/blogdoedvaldomagalhaes.com.br\/index.php\/wp-json\/wp\/v2\/media\/72538"}],"wp:attachment":[{"href":"https:\/\/blogdoedvaldomagalhaes.com.br\/index.php\/wp-json\/wp\/v2\/media?parent=72537"}],"wp:term":[{"taxonomy":"category","embeddable":true,"href":"https:\/\/blogdoedvaldomagalhaes.com.br\/index.php\/wp-json\/wp\/v2\/categories?post=72537"},{"taxonomy":"post_tag","embeddable":true,"href":"https:\/\/blogdoedvaldomagalhaes.com.br\/index.php\/wp-json\/wp\/v2\/tags?post=72537"}],"curies":[{"name":"wp","href":"https:\/\/api.w.org\/{rel}","templated":true}]}}