{"id":72532,"date":"2021-07-27T17:21:40","date_gmt":"2021-07-27T20:21:40","guid":{"rendered":"https:\/\/blogdoedvaldomagalhaes.com.br\/?p=72532"},"modified":"2021-07-27T17:21:41","modified_gmt":"2021-07-27T20:21:41","slug":"der-atende-tony-gel-e-inicia-reparos-na-via-local-da-br-232-em-caruaru","status":"publish","type":"post","link":"https:\/\/blogdoedvaldomagalhaes.com.br\/index.php\/2021\/07\/27\/der-atende-tony-gel-e-inicia-reparos-na-via-local-da-br-232-em-caruaru\/","title":{"rendered":"DER atende Tony Gel e inicia reparos na via local da BR-232 em Caruaru"},"content":{"rendered":"<p style=\"text-align: justify;\"><span style=\"font-size: inherit;\">Atendendo \u00e0 uma solicita\u00e7\u00e3o do Deputado Estadual Tony Gel, o Departamento Estadual de Estradas de Rodagem, iniciou nesta ter\u00e7a-feira 27, servi\u00e7os de reparos na via local da BR-232 em Caruaru.<\/span><\/p>\n<p style=\"text-align: justify;\">De acordo com o DER, os reparos v\u00e3o ser feitos nas duas partes da via, principalmente na que d\u00e1 acesso ao bairro Cidade Alta, entre o in\u00edcio da Rua Gustavo Bezerra e o posto de combust\u00edveis.<\/p>\n<p style=\"text-align: justify;\">Tony Gel tamb\u00e9m est\u00e1 trabalhando junto a Secretaria Estadual de Infraestrutura e ao pr\u00f3prio DER, visando agilizar a recupera\u00e7\u00e3o da PE-145, que vai da Vila de Cachoeira Seca na BR-104 at\u00e9 a Vila de Ita\u00fana, na zona rural de Caruaru.<\/p>\n","protected":false},"excerpt":{"rendered":"<p>Atendendo \u00e0 uma solicita\u00e7\u00e3o do Deputado Estadual Tony Gel, o Departamento Estadual de Estradas de Rodagem, iniciou nesta ter\u00e7a-feira 27,&hellip;<\/p>\n","protected":false},"author":1,"featured_media":72533,"comment_status":"open","ping_status":"open","sticky":false,"template":"","format":"standard","meta":{"footnotes":""},"categories":[14122],"tags":[2,19532,22286,1950],"class_list":["post-72532","post","type-post","status-publish","format-standard","has-post-thumbnail","hentry","category-politica","tag-blog-do-edvaldo-magalhaes","tag-blog-mais-acessado-e-visualizado-de-caruaru-e-regiao","tag-der-atende-tony-gel-e-inicia-reparos-na-via-local-da-br-232-em-caruaru","tag-noticias-de-caruaru"],"_links":{"self":[{"href":"https:\/\/blogdoedvaldomagalhaes.com.br\/index.php\/wp-json\/wp\/v2\/posts\/72532","targetHints":{"allow":["GET"]}}],"collection":[{"href":"https:\/\/blogdoedvaldomagalhaes.com.br\/index.php\/wp-json\/wp\/v2\/posts"}],"about":[{"href":"https:\/\/blogdoedvaldomagalhaes.com.br\/index.php\/wp-json\/wp\/v2\/types\/post"}],"author":[{"embeddable":true,"href":"https:\/\/blogdoedvaldomagalhaes.com.br\/index.php\/wp-json\/wp\/v2\/users\/1"}],"replies":[{"embeddable":true,"href":"https:\/\/blogdoedvaldomagalhaes.com.br\/index.php\/wp-json\/wp\/v2\/comments?post=72532"}],"version-history":[{"count":1,"href":"https:\/\/blogdoedvaldomagalhaes.com.br\/index.php\/wp-json\/wp\/v2\/posts\/72532\/revisions"}],"predecessor-version":[{"id":72534,"href":"https:\/\/blogdoedvaldomagalhaes.com.br\/index.php\/wp-json\/wp\/v2\/posts\/72532\/revisions\/72534"}],"wp:featuredmedia":[{"embeddable":true,"href":"https:\/\/blogdoedvaldomagalhaes.com.br\/index.php\/wp-json\/wp\/v2\/media\/72533"}],"wp:attachment":[{"href":"https:\/\/blogdoedvaldomagalhaes.com.br\/index.php\/wp-json\/wp\/v2\/media?parent=72532"}],"wp:term":[{"taxonomy":"category","embeddable":true,"href":"https:\/\/blogdoedvaldomagalhaes.com.br\/index.php\/wp-json\/wp\/v2\/categories?post=72532"},{"taxonomy":"post_tag","embeddable":true,"href":"https:\/\/blogdoedvaldomagalhaes.com.br\/index.php\/wp-json\/wp\/v2\/tags?post=72532"}],"curies":[{"name":"wp","href":"https:\/\/api.w.org\/{rel}","templated":true}]}}