{"id":72529,"date":"2021-07-27T14:45:53","date_gmt":"2021-07-27T17:45:53","guid":{"rendered":"https:\/\/blogdoedvaldomagalhaes.com.br\/?p=72529"},"modified":"2021-07-27T17:42:15","modified_gmt":"2021-07-27T20:42:15","slug":"motorista-e-detido-com-carro-roubado-apos-atirar-em-policiais-em-caruaru","status":"publish","type":"post","link":"https:\/\/blogdoedvaldomagalhaes.com.br\/index.php\/2021\/07\/27\/motorista-e-detido-com-carro-roubado-apos-atirar-em-policiais-em-caruaru\/","title":{"rendered":"Motorista \u00e9 detido com carro roubado ap\u00f3s atirar em policiais em Caruaru"},"content":{"rendered":"<p style=\"text-align: justify;\"><span style=\"font-size: inherit;\">Um homem que estava em um carro roubado foi detido na noite de segunda-feira (26), ap\u00f3s atirar em policiais em Caruaru, no Agreste de Pernambuco. O motorista foi alcan\u00e7ado em uma a\u00e7\u00e3o integrada da Pol\u00edcia Rodovi\u00e1ria Federal (PRF) e 1\u00ba Batalh\u00e3o Integrado Especializado da Pol\u00edcia Militar (BIEsp-PM).<\/span><\/p>\n<p style=\"text-align: justify;\">Policiais realizavam uma ronda no Km 125 da BR 232, quando avistaram um carro em alta velocidade. Em consulta, foi descoberto que o ve\u00edculo havia sido roubado e foi dada ordem de parada ao motorista, mas ele desobedeceu e acessou o bairro Petr\u00f3polis.<\/p>\n<p style=\"text-align: justify;\">Ap\u00f3s a tentativa de fuga, o motorista desembarcou do ve\u00edculo, efetuou disparos em dire\u00e7\u00e3o \u00e0 equipe e tentou fugir a p\u00e9. Uma equipe do 1\u00ba BIEsp deu apoio \u00e0s buscas e o homem foi alcan\u00e7ado, mas a arma j\u00e1 havia sido descartada por ele.<\/p>\n<p style=\"text-align: justify;\">O carro possu\u00eda um registro de roubo no s\u00e1bado(24), no bairro de \u00c1gua Fria, na Zona Norte do Recife. Na ocasi\u00e3o, o propriet\u00e1rio foi rendido por homens armados e n\u00e3o possu\u00eda seguro.<\/p>\n<p style=\"text-align: justify;\">O suspeito foi encaminhado \u00e0 Delegacia de Pol\u00edcia Civil de Caruaru. A v\u00edtima foi ao local para tentar realizar o reconhecimento do homem.<\/p>\n\n\n<figure class=\"wp-block-image size-large\"><img loading=\"lazy\" decoding=\"async\" width=\"1024\" height=\"545\" src=\"https:\/\/blogdoedvaldomagalhaes.com.br\/wp-content\/uploads\/2021\/07\/IMG-20210727-WA0164-1024x545.jpg\" alt=\"\" class=\"wp-image-72535\" srcset=\"https:\/\/blogdoedvaldomagalhaes.com.br\/wp-content\/uploads\/2021\/07\/IMG-20210727-WA0164-1024x545.jpg 1024w, https:\/\/blogdoedvaldomagalhaes.com.br\/wp-content\/uploads\/2021\/07\/IMG-20210727-WA0164-300x160.jpg 300w, https:\/\/blogdoedvaldomagalhaes.com.br\/wp-content\/uploads\/2021\/07\/IMG-20210727-WA0164-768x408.jpg 768w, https:\/\/blogdoedvaldomagalhaes.com.br\/wp-content\/uploads\/2021\/07\/IMG-20210727-WA0164.jpg 1053w\" sizes=\"auto, (max-width: 1024px) 100vw, 1024px\" \/><figcaption>Fotos: Divulga\u00e7\u00e3o<\/figcaption><\/figure>\n","protected":false},"excerpt":{"rendered":"<p>Um homem que estava em um carro roubado foi detido na noite de segunda-feira (26), ap\u00f3s atirar em policiais em&hellip;<\/p>\n","protected":false},"author":1,"featured_media":72530,"comment_status":"open","ping_status":"open","sticky":false,"template":"","format":"standard","meta":{"footnotes":""},"categories":[14121],"tags":[2,19532,22285,1950],"class_list":["post-72529","post","type-post","status-publish","format-standard","has-post-thumbnail","hentry","category-policial","tag-blog-do-edvaldo-magalhaes","tag-blog-mais-acessado-e-visualizado-de-caruaru-e-regiao","tag-motorista-e-detido-com-carro-roubado-apos-atirar-em-policiais-em-caruaru","tag-noticias-de-caruaru"],"_links":{"self":[{"href":"https:\/\/blogdoedvaldomagalhaes.com.br\/index.php\/wp-json\/wp\/v2\/posts\/72529","targetHints":{"allow":["GET"]}}],"collection":[{"href":"https:\/\/blogdoedvaldomagalhaes.com.br\/index.php\/wp-json\/wp\/v2\/posts"}],"about":[{"href":"https:\/\/blogdoedvaldomagalhaes.com.br\/index.php\/wp-json\/wp\/v2\/types\/post"}],"author":[{"embeddable":true,"href":"https:\/\/blogdoedvaldomagalhaes.com.br\/index.php\/wp-json\/wp\/v2\/users\/1"}],"replies":[{"embeddable":true,"href":"https:\/\/blogdoedvaldomagalhaes.com.br\/index.php\/wp-json\/wp\/v2\/comments?post=72529"}],"version-history":[{"count":2,"href":"https:\/\/blogdoedvaldomagalhaes.com.br\/index.php\/wp-json\/wp\/v2\/posts\/72529\/revisions"}],"predecessor-version":[{"id":72536,"href":"https:\/\/blogdoedvaldomagalhaes.com.br\/index.php\/wp-json\/wp\/v2\/posts\/72529\/revisions\/72536"}],"wp:featuredmedia":[{"embeddable":true,"href":"https:\/\/blogdoedvaldomagalhaes.com.br\/index.php\/wp-json\/wp\/v2\/media\/72530"}],"wp:attachment":[{"href":"https:\/\/blogdoedvaldomagalhaes.com.br\/index.php\/wp-json\/wp\/v2\/media?parent=72529"}],"wp:term":[{"taxonomy":"category","embeddable":true,"href":"https:\/\/blogdoedvaldomagalhaes.com.br\/index.php\/wp-json\/wp\/v2\/categories?post=72529"},{"taxonomy":"post_tag","embeddable":true,"href":"https:\/\/blogdoedvaldomagalhaes.com.br\/index.php\/wp-json\/wp\/v2\/tags?post=72529"}],"curies":[{"name":"wp","href":"https:\/\/api.w.org\/{rel}","templated":true}]}}