{"id":7247,"date":"2016-12-27T15:16:00","date_gmt":"2016-12-27T17:16:00","guid":{"rendered":"http:\/\/blogdoedvaldomagalhaes.com.br\/index.php\/2016\/12\/27\/central-de-caruaru-contrata-goleiro-e\/"},"modified":"2019-02-09T01:11:53","modified_gmt":"2019-02-09T03:11:53","slug":"central-de-caruaru-contrata-goleiro-e","status":"publish","type":"post","link":"https:\/\/blogdoedvaldomagalhaes.com.br\/index.php\/2016\/12\/27\/central-de-caruaru-contrata-goleiro-e\/","title":{"rendered":"Central de Caruaru contrata goleiro e volante"},"content":{"rendered":"<div class=\"separator\" style=\"clear: both; text-align: justify;\">\nA diretoria do Central de Caruaru contratou o volante Vagner Rosa e o goleiro Gleibson para a disputa do Campeonato Pernambucano de 2017. Os dois atletas se apresentam ao clube na tarde desta ter\u00e7a-feira (27).&nbsp;<\/div>\n<div class=\"separator\" style=\"clear: both; text-align: justify;\">\n<\/div>\n<div>\n<div class=\"separator\" style=\"clear: both; text-align: center;\">\n<a href=\"https:\/\/3.bp.blogspot.com\/-7510SVYMIcU\/WGLc2_XaWCI\/AAAAAAAAMec\/plc2YhoZkuYvF3wAJEW-5oa6La64T4-mQCLcB\/s1600\/vagner%2Brosa.jpg\" imageanchor=\"1\" style=\"margin-left: 1em; margin-right: 1em;\"><img loading=\"lazy\" decoding=\"async\" border=\"0\" height=\"400\" src=\"http:\/\/blogdoedvaldomagalhaes.com.br\/wp-content\/uploads\/2016\/12\/vagnerrosa.jpg\" width=\"400\" \/><\/a><\/div>\n<\/div>\n<div class=\"separator\" style=\"clear: both; text-align: center;\">\n<\/div>\n<div class=\"separator\" style=\"clear: both; text-align: center;\">\nFoto de Wagner Rosa<\/div>\n<div class=\"separator\" style=\"clear: both; text-align: center;\">\n<\/div>\n<div class=\"MsoNormal\" style=\"text-align: justify;\">\nV\u00e1gner Rosa tem&nbsp;33 anos, esta<br \/>\nser\u00e1 a quarta passagem pelo Central.&nbsp;As outras foram em 2009 (S\u00e9rie D), 2013\/2014 (S\u00e9rie D e PE) e<br \/>\n2015 (S\u00e9rie D). Rosa foi&nbsp;campe\u00e3o pernambucano da S\u00e9rie A2 2016 pelo Flamengo de<br \/>\nArcoverde e foi um dos destaques da equipe da porta do Sert\u00e3o. Foi&nbsp;anunciado pelo<br \/>\nVit\u00f3ria de Santo Ant\u00e3o, mas voltou atr\u00e1s e acertou o seu retorno a Patativa. O<br \/>\nCentral j\u00e1 tem no elenco os volantes&nbsp;Everton Hora, David Manteiga e Bruno.<\/p>\n<div class=\"separator\" style=\"clear: both; text-align: center;\">\n<a href=\"https:\/\/2.bp.blogspot.com\/-0kf2pWCY_yo\/WGLc9dC-o3I\/AAAAAAAAMeg\/nYgGCUnUoBgvS8n27r0Sn6USjZZqYkC1ACLcB\/s1600\/gleidson.jpg\" imageanchor=\"1\" style=\"margin-left: 1em; margin-right: 1em;\"><img loading=\"lazy\" decoding=\"async\" border=\"0\" height=\"400\" src=\"http:\/\/blogdoedvaldomagalhaes.com.br\/wp-content\/uploads\/2016\/12\/gleidson.jpg\" width=\"400\" \/><\/a><\/div>\n<\/div>\n<div class=\"separator\" style=\"clear: both; text-align: center;\">\n<\/div>\n<div class=\"separator\" style=\"clear: both; text-align: center;\">\nFoto do goleiro Glebson<\/div>\n<div class=\"separator\" style=\"clear: both; text-align: center;\">\n<\/div>\n<div style=\"background-color: white; text-align: justify;\">\nGleibson, tem 29 anos, 1,85 de altura, 85 kg, natural de Recife, e era o terceiro goleiro do Salgueiro, mas j\u00e1 chegou a ser titular em v\u00e1rias partidas por causa de contus\u00f5es de Luciano e Mondragon.&nbsp;<\/p>\n<p><\/p>\n<div style=\"-webkit-font-smoothing: antialiased; border: 0px; box-sizing: content-box; font-stretch: inherit; font-variant-numeric: inherit; line-height: 25px; padding: 0px 0px 1.5em; text-align: justify; vertical-align: baseline; word-wrap: break-word;\">\nO goleiro Murilo foi reintegrado ao elenco do Central. O arqueiro pediu desculpas a comiss\u00e3o t\u00e9cnica e jogadores, a exemplo do zagueiro Everton. Murilo&nbsp;estava treinando afastado ap\u00f3s ter cometido um ato de indisciplina, e passou uma semana trabalhando com o sub-20, que se prepara para a Copa S\u00e3o Paulo de Futebol J\u00fanior. Agora o Central tem tr\u00eas op\u00e7\u00f5es para o gol: Murilo, D\u00eanis, e o rec\u00e9m contratado Gleibson.<\/div>\n<\/div>\n<div style=\"text-align: justify;\">\n<\/div>\n","protected":false},"excerpt":{"rendered":"<p>A diretoria do Central de Caruaru contratou o volante Vagner Rosa e o goleiro Gleibson para a disputa do Campeonato&hellip;<\/p>\n","protected":false},"author":1,"featured_media":0,"comment_status":"open","ping_status":"open","sticky":false,"template":"","format":"standard","meta":{"footnotes":""},"categories":[1],"tags":[2,10098,3,8953,2955,3337,9813],"class_list":["post-7247","post","type-post","status-publish","format-standard","hentry","category-sem-categoria","tag-blog-do-edvaldo-magalhaes","tag-central-de-caruaru-contrata-goleiro-e-volante","tag-futebol","tag-gleibson","tag-lacerdao","tag-salgueiro","tag-vagner-rosa"],"_links":{"self":[{"href":"https:\/\/blogdoedvaldomagalhaes.com.br\/index.php\/wp-json\/wp\/v2\/posts\/7247","targetHints":{"allow":["GET"]}}],"collection":[{"href":"https:\/\/blogdoedvaldomagalhaes.com.br\/index.php\/wp-json\/wp\/v2\/posts"}],"about":[{"href":"https:\/\/blogdoedvaldomagalhaes.com.br\/index.php\/wp-json\/wp\/v2\/types\/post"}],"author":[{"embeddable":true,"href":"https:\/\/blogdoedvaldomagalhaes.com.br\/index.php\/wp-json\/wp\/v2\/users\/1"}],"replies":[{"embeddable":true,"href":"https:\/\/blogdoedvaldomagalhaes.com.br\/index.php\/wp-json\/wp\/v2\/comments?post=7247"}],"version-history":[{"count":1,"href":"https:\/\/blogdoedvaldomagalhaes.com.br\/index.php\/wp-json\/wp\/v2\/posts\/7247\/revisions"}],"predecessor-version":[{"id":15493,"href":"https:\/\/blogdoedvaldomagalhaes.com.br\/index.php\/wp-json\/wp\/v2\/posts\/7247\/revisions\/15493"}],"wp:attachment":[{"href":"https:\/\/blogdoedvaldomagalhaes.com.br\/index.php\/wp-json\/wp\/v2\/media?parent=7247"}],"wp:term":[{"taxonomy":"category","embeddable":true,"href":"https:\/\/blogdoedvaldomagalhaes.com.br\/index.php\/wp-json\/wp\/v2\/categories?post=7247"},{"taxonomy":"post_tag","embeddable":true,"href":"https:\/\/blogdoedvaldomagalhaes.com.br\/index.php\/wp-json\/wp\/v2\/tags?post=7247"}],"curies":[{"name":"wp","href":"https:\/\/api.w.org\/{rel}","templated":true}]}}