{"id":7242,"date":"2016-12-28T01:29:00","date_gmt":"2016-12-28T03:29:00","guid":{"rendered":"http:\/\/blogdoedvaldomagalhaes.com.br\/index.php\/2016\/12\/28\/seguranca-e-vitima-tentativa-de\/"},"modified":"2019-02-09T01:11:56","modified_gmt":"2019-02-09T03:11:56","slug":"seguranca-e-vitima-tentativa-de","status":"publish","type":"post","link":"https:\/\/blogdoedvaldomagalhaes.com.br\/index.php\/2016\/12\/28\/seguranca-e-vitima-tentativa-de\/","title":{"rendered":"Seguran\u00e7a \u00e9 v\u00edtima tentativa de homic\u00eddio em Caruaru"},"content":{"rendered":"<div class=\"separator\" style=\"clear: both; text-align: center;\">\n<a href=\"https:\/\/1.bp.blogspot.com\/-aI2WnMqOscI\/WGMVToAzF-I\/AAAAAAAAMfM\/X4JrfqRA64wfthRozBrKX46LhFtOm_tlwCLcB\/s1600\/seguran%25C3%25A7a.jpeg\" imageanchor=\"1\" style=\"margin-left: 1em; margin-right: 1em;\"><img loading=\"lazy\" decoding=\"async\" border=\"0\" height=\"400\" src=\"http:\/\/blogdoedvaldomagalhaes.com.br\/wp-content\/uploads\/2016\/12\/seguranC3A7a.jpeg\" width=\"331\" \/><\/a><\/div>\n<div class=\"MsoNormal\" style=\"text-align: justify;\">\n<\/div>\n<div class=\"MsoNormal\" style=\"text-align: justify;\">\nO<br \/>\nseguran\u00e7a Rog\u00e9rio Jos\u00e9 da Silva, conhecido por \u00cdndio Carroceiro, de 30 anos, e<br \/>\nque trabalha em um supermercado na rua Governador Francisco Moura Cavalcante,<br \/>\nno Loteamento Cidade Alta, no bairro Agamenon Magalh\u00e3es, e mora na 1\u00aa Travessa<br \/>\nda Pitombeira, no bairro Vassoural, foi alvejado com aproximadamente 08 tiros<br \/>\nde rev\u00f3lver na tarde desta ter\u00e7a-feira (27). Ele estava em frente ao supermercado quando foi abordado<br \/>\npor um elemento que efetuou os disparos e fugiu. O&nbsp;autor da<br \/>\ntentativa de homic\u00eddio fugiu do local sem ser identificado, &nbsp;a v\u00edtima foi<br \/>\natingida por todo o corpo e foi levada ao Hospital Regional do Agreste (HRA),<br \/>\nonde chegou consciente, recebeu os primeiros cuidados na emerg\u00eancia e foi logo<br \/>\nlevado ao bloco cir\u00fargico.<\/div>\n","protected":false},"excerpt":{"rendered":"<p>O seguran\u00e7a Rog\u00e9rio Jos\u00e9 da Silva, conhecido por \u00cdndio Carroceiro, de 30 anos, e que trabalha em um supermercado na&hellip;<\/p>\n","protected":false},"author":1,"featured_media":0,"comment_status":"open","ping_status":"open","sticky":false,"template":"","format":"standard","meta":{"footnotes":""},"categories":[1],"tags":[4137,2,2083,10088,13,10089],"class_list":["post-7242","post","type-post","status-publish","format-standard","hentry","category-sem-categoria","tag-bairro-agamenon-magalhaes","tag-blog-do-edvaldo-magalhaes","tag-hra","tag-loteamento-cidade-alta","tag-policial","tag-seguranca-e-vitima-tentativa-de-homicidio-em-caruaru"],"_links":{"self":[{"href":"https:\/\/blogdoedvaldomagalhaes.com.br\/index.php\/wp-json\/wp\/v2\/posts\/7242","targetHints":{"allow":["GET"]}}],"collection":[{"href":"https:\/\/blogdoedvaldomagalhaes.com.br\/index.php\/wp-json\/wp\/v2\/posts"}],"about":[{"href":"https:\/\/blogdoedvaldomagalhaes.com.br\/index.php\/wp-json\/wp\/v2\/types\/post"}],"author":[{"embeddable":true,"href":"https:\/\/blogdoedvaldomagalhaes.com.br\/index.php\/wp-json\/wp\/v2\/users\/1"}],"replies":[{"embeddable":true,"href":"https:\/\/blogdoedvaldomagalhaes.com.br\/index.php\/wp-json\/wp\/v2\/comments?post=7242"}],"version-history":[{"count":1,"href":"https:\/\/blogdoedvaldomagalhaes.com.br\/index.php\/wp-json\/wp\/v2\/posts\/7242\/revisions"}],"predecessor-version":[{"id":15518,"href":"https:\/\/blogdoedvaldomagalhaes.com.br\/index.php\/wp-json\/wp\/v2\/posts\/7242\/revisions\/15518"}],"wp:attachment":[{"href":"https:\/\/blogdoedvaldomagalhaes.com.br\/index.php\/wp-json\/wp\/v2\/media?parent=7242"}],"wp:term":[{"taxonomy":"category","embeddable":true,"href":"https:\/\/blogdoedvaldomagalhaes.com.br\/index.php\/wp-json\/wp\/v2\/categories?post=7242"},{"taxonomy":"post_tag","embeddable":true,"href":"https:\/\/blogdoedvaldomagalhaes.com.br\/index.php\/wp-json\/wp\/v2\/tags?post=7242"}],"curies":[{"name":"wp","href":"https:\/\/api.w.org\/{rel}","templated":true}]}}