{"id":7238,"date":"2016-12-28T11:27:00","date_gmt":"2016-12-28T13:27:00","guid":{"rendered":"http:\/\/blogdoedvaldomagalhaes.com.br\/index.php\/2016\/12\/28\/menores-de-agrestina-praticam-assaltos\/"},"modified":"2019-02-09T01:12:00","modified_gmt":"2019-02-09T03:12:00","slug":"menores-de-agrestina-praticam-assaltos","status":"publish","type":"post","link":"https:\/\/blogdoedvaldomagalhaes.com.br\/index.php\/2016\/12\/28\/menores-de-agrestina-praticam-assaltos\/","title":{"rendered":"Menores de Agrestina praticam assaltos em Caruaru e um morre em troca de tiros"},"content":{"rendered":"<div style=\"color: #333333; font-family: &quot;Open Sans&quot;, sans-serif; font-size: 15px; list-style: none; text-align: justify;\">\n<div class=\"separator\" style=\"clear: both; text-align: center;\">\n<a href=\"http:\/\/blogdoedvaldomagalhaes.com.br\/wp-content\/uploads\/2016\/12\/policia-1.gif\" imageanchor=\"1\" style=\"margin-left: 1em; margin-right: 1em;\"><img decoding=\"async\" border=\"0\" src=\"http:\/\/blogdoedvaldomagalhaes.com.br\/wp-content\/uploads\/2016\/12\/policia-1.gif\" \/><\/a><\/div>\n<p>\nTr\u00eas adolescentes, um de 15 anos e dois de 17, da cidade de Agrestina, praticaram assaltos em Caruaru e trocaram tiros com uma equipe do Batalh\u00e3o Especial Prisional (BEP), no in\u00edcio da madrugada desta quarta-feira (28). A abordagem policial ocorreu na BR-104, Serra da Quit\u00e9ria, quando o trio retornava.<\/div>\n<div style=\"color: #333333; font-family: &quot;Open Sans&quot;, sans-serif; font-size: 15px; list-style: none; text-align: justify;\">\n<\/div>\n<div style=\"color: #333333; font-family: &quot;Open Sans&quot;, sans-serif; font-size: 15px; list-style: none; text-align: justify;\">\nNa troca de tiros, um adolescente de 17 anos morreu e os outros dois ficaram feridos. O menor de 15 anos foi transferido para o Hospital Get\u00falio Vargas, no Recife. O outro adolescente foi levado para a Delegacia de Bezerros.<\/div>\n<div style=\"color: #333333; font-family: &quot;Open Sans&quot;, sans-serif; font-size: 15px; list-style: none; text-align: justify;\">\n<\/div>\n<div style=\"color: #333333; font-family: &quot;Open Sans&quot;, sans-serif; font-size: 15px; list-style: none; text-align: justify;\">\nOs tr\u00eas estavam em uma moto, tomada de assalto nas proximidades da Central de Abastecimento de Caruaru (Ceaca).<\/div>\n","protected":false},"excerpt":{"rendered":"<p>Tr\u00eas adolescentes, um de 15 anos e dois de 17, da cidade de Agrestina, praticaram assaltos em Caruaru e trocaram&hellip;<\/p>\n","protected":false},"author":1,"featured_media":0,"comment_status":"open","ping_status":"open","sticky":false,"template":"","format":"standard","meta":{"footnotes":""},"categories":[1],"tags":[10077,2,3132,5958,9649,6434,10078,13,7307],"class_list":["post-7238","post","type-post","status-publish","format-standard","hentry","category-sem-categoria","tag-beo","tag-blog-do-edvaldo-magalhaes","tag-br-104","tag-ceaca","tag-delegacia-de-bezerros","tag-hospital-getulio-vargas","tag-menores-de-agrestina-praticam-assaltos-em-caruaru-e-um-morre-em-troca-de-tiros","tag-policial","tag-serra-da-quiteria"],"_links":{"self":[{"href":"https:\/\/blogdoedvaldomagalhaes.com.br\/index.php\/wp-json\/wp\/v2\/posts\/7238","targetHints":{"allow":["GET"]}}],"collection":[{"href":"https:\/\/blogdoedvaldomagalhaes.com.br\/index.php\/wp-json\/wp\/v2\/posts"}],"about":[{"href":"https:\/\/blogdoedvaldomagalhaes.com.br\/index.php\/wp-json\/wp\/v2\/types\/post"}],"author":[{"embeddable":true,"href":"https:\/\/blogdoedvaldomagalhaes.com.br\/index.php\/wp-json\/wp\/v2\/users\/1"}],"replies":[{"embeddable":true,"href":"https:\/\/blogdoedvaldomagalhaes.com.br\/index.php\/wp-json\/wp\/v2\/comments?post=7238"}],"version-history":[{"count":1,"href":"https:\/\/blogdoedvaldomagalhaes.com.br\/index.php\/wp-json\/wp\/v2\/posts\/7238\/revisions"}],"predecessor-version":[{"id":15525,"href":"https:\/\/blogdoedvaldomagalhaes.com.br\/index.php\/wp-json\/wp\/v2\/posts\/7238\/revisions\/15525"}],"wp:attachment":[{"href":"https:\/\/blogdoedvaldomagalhaes.com.br\/index.php\/wp-json\/wp\/v2\/media?parent=7238"}],"wp:term":[{"taxonomy":"category","embeddable":true,"href":"https:\/\/blogdoedvaldomagalhaes.com.br\/index.php\/wp-json\/wp\/v2\/categories?post=7238"},{"taxonomy":"post_tag","embeddable":true,"href":"https:\/\/blogdoedvaldomagalhaes.com.br\/index.php\/wp-json\/wp\/v2\/tags?post=7238"}],"curies":[{"name":"wp","href":"https:\/\/api.w.org\/{rel}","templated":true}]}}