{"id":7237,"date":"2016-12-28T14:10:00","date_gmt":"2016-12-28T16:10:00","guid":{"rendered":"http:\/\/blogdoedvaldomagalhaes.com.br\/index.php\/2016\/12\/28\/raquel-lyra-anuncia-secretariado-de-sua\/"},"modified":"2019-02-09T01:12:05","modified_gmt":"2019-02-09T03:12:05","slug":"raquel-lyra-anuncia-secretariado-de-sua","status":"publish","type":"post","link":"https:\/\/blogdoedvaldomagalhaes.com.br\/index.php\/2016\/12\/28\/raquel-lyra-anuncia-secretariado-de-sua\/","title":{"rendered":"Raquel Lyra anuncia secretariado de sua gest\u00e3o"},"content":{"rendered":"<div class=\"separator\" style=\"clear: both; text-align: center;\">\n<a href=\"https:\/\/3.bp.blogspot.com\/-SIwD6K5HzbY\/WGPM5t0e5KI\/AAAAAAAAMgY\/GTTKId8eYfA1SC2BFFKSa4aQ6bpPqK9fACLcB\/s1600\/1.jpg\" imageanchor=\"1\" style=\"margin-left: 1em; margin-right: 1em;\"><img loading=\"lazy\" decoding=\"async\" border=\"0\" height=\"400\" src=\"http:\/\/blogdoedvaldomagalhaes.com.br\/wp-content\/uploads\/2016\/12\/1-1.jpg\" width=\"332\" \/><\/a><\/div>\n<div class=\"separator\" style=\"clear: both; text-align: center;\">\n<\/div>\n<div class=\"separator\" style=\"clear: both; text-align: center;\">\n<a href=\"https:\/\/1.bp.blogspot.com\/-ZovPBysn8ts\/WGPGoHc9HZI\/AAAAAAAAMgI\/8J4ds1Tu99oB_uz03-SI7PqATISX4OOtwCLcB\/s1600\/2.jpg\" imageanchor=\"1\" style=\"margin-left: 1em; margin-right: 1em;\"><img loading=\"lazy\" decoding=\"async\" border=\"0\" height=\"400\" src=\"http:\/\/blogdoedvaldomagalhaes.com.br\/wp-content\/uploads\/2016\/12\/2-1.jpg\" width=\"381\" \/><\/a><\/div>\n<div class=\"separator\" style=\"clear: both; text-align: center;\">\n<\/div>\n<p>Foram apresentados hoje (28) pela manh\u00e3 os futuros secret\u00e1rios da gest\u00e3o de Raquel Lyra (PSDB) na prefeitura de Caruaru a partir deste domingo (01). Das atuais 16 secretarias ser\u00e3o formadas 13.<\/p>\n<p>\n<b>Secretaria de Governo:<\/b> Rubens J\u00fanior<\/p>\n<div class=\"separator\" style=\"clear: both; text-align: center;\">\n<a href=\"https:\/\/4.bp.blogspot.com\/-_au7ibrhsxw\/WGP7Sn9qmCI\/AAAAAAAAMhQ\/mKy1GzNeOrcKnGKjfqEHTw0ZSIB4lHVgACLcB\/s1600\/Rubens%2BJ%25C3%25BAnior.JPG\" imageanchor=\"1\" style=\"margin-left: 1em; margin-right: 1em;\"><img loading=\"lazy\" decoding=\"async\" border=\"0\" height=\"234\" src=\"http:\/\/blogdoedvaldomagalhaes.com.br\/wp-content\/uploads\/2016\/12\/RubensJC3BAnior.jpg\" width=\"320\" \/><\/a><\/div>\n<div style=\"text-align: justify;\">\n<\/div>\n<div style=\"text-align: justify;\">\nGraduado em Hist\u00f3ria e P\u00f3s-graduado em Gest\u00e3o P\u00fablica pela FAFICA. No servi\u00e7o p\u00fablico Municipal foi Assessor de Imprensa da Prefeitura de Caruaru e da C\u00e2mara Municipal. Foi superintendente da TV Pernambuco. Ainda no Governo do Estado foi Chefe de Gabinete do governador Jo\u00e3o Lyra Neto. &nbsp;Atualmente \u00e9 assessor da deputada e prefeita eleita Raquel Lyra.<\/div>\n<p>\n<b>Secretaria de Administra\u00e7\u00e3o:&nbsp;<\/b>Margarida Ferreira Lima<\/p>\n<p><\/p>\n<div class=\"separator\" style=\"clear: both; text-align: center;\">\n<a href=\"https:\/\/1.bp.blogspot.com\/-xUjw-JgCbvY\/WGP7oS_S8WI\/AAAAAAAAMhU\/jEWJmqlG1HEIaYmfHW29Sa_Z-27FA4UkgCLcB\/s1600\/Margarida%2BFerreira%2BLima.jpg\" imageanchor=\"1\" style=\"margin-left: 1em; margin-right: 1em;\"><img loading=\"lazy\" decoding=\"async\" border=\"0\" height=\"320\" src=\"http:\/\/blogdoedvaldomagalhaes.com.br\/wp-content\/uploads\/2016\/12\/MargaridaFerreiraLima.jpg\" width=\"276\" \/><\/a><\/div>\n<div style=\"text-align: justify;\">\nAdvogada, P\u00f3s-graduada em Direito do Trabalho, trajet\u00f3ria profissional em Recursos Humanos na Celpe como Diretora de Recursos Humanos e Administra\u00e7\u00e3o, Gerente de Recursos Humanos no SESC, Secret\u00e1ria Executiva de Gest\u00e3o do Trabalho e Educa\u00e7\u00e3o da Secretaria Estadual de Sa\u00fade, Secret\u00e1ria Executiva de Coordena\u00e7\u00e3o Geral da Secretaria da Crian\u00e7a e da Juventude. Foi Chefe de Gabinete de Raquel Lyra na Assembleia Legislativa de Pernambuco.<\/div>\n<p>\n<b>Secretaria de Sa\u00fade:<\/b>&nbsp;Ana Maria Albuquerque<\/p>\n<p><\/p>\n<div class=\"separator\" style=\"clear: both; text-align: center;\">\n<a href=\"https:\/\/3.bp.blogspot.com\/-NdHLSA6s63k\/WGP79hGd7aI\/AAAAAAAAMhc\/rcl9gpSdCWUw2OeddXNy7QZ1Li1EUCJuwCLcB\/s1600\/Ana%2BMaria%2BAlbuquerque.jpg\" imageanchor=\"1\" style=\"margin-left: 1em; margin-right: 1em;\"><img loading=\"lazy\" decoding=\"async\" border=\"0\" height=\"260\" src=\"http:\/\/blogdoedvaldomagalhaes.com.br\/wp-content\/uploads\/2016\/12\/AnaMariaAlbuquerque.jpg\" width=\"320\" \/><\/a><\/div>\n<div class=\"separator\" style=\"clear: both; text-align: center;\">\n<\/div>\n<div style=\"text-align: justify;\">\nM\u00e9dica, formada pela Universidade Estadual de Pernambuco- UPE. Mestranda em Avalia\u00e7\u00e3o de Programas de Controle de Endemias pela Fiocruz\/ENSP. Experi\u00eancias no Instituto de Medicina Integral Professor Fernando Figueira \u2013 IMIP e Funda\u00e7\u00e3o de Hematologia e Hemoterapia de Pernambuco- HEMOPE. Atuou como Secret\u00e1ria Estadual de Sa\u00fade do governo Jo\u00e3o Lyra Neto.&nbsp;<\/div>\n<p>\n<b>Secretaria de Educa\u00e7\u00e3o:&nbsp;<\/b>Rubenildo Ferreira de Moura<\/p>\n<p><\/p>\n<div class=\"separator\" style=\"clear: both; text-align: center;\">\n<a href=\"https:\/\/3.bp.blogspot.com\/-dbyTJ-tgUFY\/WGP8UrcWmWI\/AAAAAAAAMhg\/XsZM0SpNI_UpDPrLMX5jmX9YRoTk7UTKgCLcB\/s1600\/Rubenildo%2BFerreira%2Bde%2BMoura.JPG\" imageanchor=\"1\" style=\"margin-left: 1em; margin-right: 1em;\"><img loading=\"lazy\" decoding=\"async\" border=\"0\" height=\"271\" src=\"http:\/\/blogdoedvaldomagalhaes.com.br\/wp-content\/uploads\/2016\/12\/RubenildoFerreiradeMoura.jpg\" width=\"320\" \/><\/a><\/div>\n<p><\/p>\n<div style=\"text-align: justify;\">\nP\u00f3s-graduado em Planejamento e em Psicopedagogia Institucional. Nos \u00faltimos anos tem atuado como Consultor de Organismos Internacionais do Sistema ONU, Pnud, Unesco e OEI na \u00e1rea de Formula\u00e7\u00e3o e Gest\u00e3o de Pol\u00edticas Educacionais em Estados e Munic\u00edpios. Possui experi\u00eancia com avalia\u00e7\u00e3o educacional, tendo atuado na Unidade de Gest\u00e3o de Projetos do Inep. Recentemente desenvolveu Estudo Avaliativo de Programas Educacionais da Rede Municipal de S\u00e3o Paulo pela Unesco. Tem vasta experi\u00eancia em elabora\u00e7\u00e3o de indicadores de acompanhamento de gest\u00e3o escolar e na elabora\u00e7\u00e3o de an\u00e1lise de Relat\u00f3rios T\u00e9cnicos.<\/div>\n<div style=\"text-align: justify;\">\n<\/div>\n<div style=\"text-align: justify;\">\n<b>Secretaria de Ordem P\u00fablica:&nbsp;<\/b>Coronel Luiz Aureliano<\/div>\n<div style=\"text-align: justify;\">\n<\/div>\n<div class=\"separator\" style=\"clear: both; text-align: center;\">\n<a href=\"https:\/\/3.bp.blogspot.com\/-O5kathcXJM8\/WGP9yFDCZMI\/AAAAAAAAMiA\/V37Ay9APr4oUrCoSOhM4mhyCUb8NtLfHwCLcB\/s1600\/Coronel%2BLuiz%2BAureliano.jpg\" imageanchor=\"1\" style=\"margin-left: 1em; margin-right: 1em;\"><img loading=\"lazy\" decoding=\"async\" border=\"0\" height=\"320\" src=\"http:\/\/blogdoedvaldomagalhaes.com.br\/wp-content\/uploads\/2016\/12\/CoronelLuizAureliano.jpg\" width=\"272\" \/><\/a><\/div>\n<div style=\"text-align: justify;\">\n<\/div>\n<div style=\"text-align: justify;\">\nP\u00f3s-Graduado em Gest\u00e3o P\u00fablica, na Universidade de Pernambuco \u2013 UPE. Coronel da Pol\u00edcia Militar de Pernambuco exerceu diversas fun\u00e7\u00f5es de comando na PM ao longo de 29 anos de servi\u00e7o, tendo culminando a carreira como Comandante Geral da PMPE, entre os anos de 2012 e 2013. Atua\u00e7\u00e3o como gestor principal de uma corpora\u00e7\u00e3o que possui vinte e um mil policiais e que alcan\u00e7ou n\u00fameros expressivos na redu\u00e7\u00e3o da viol\u00eancia do Estado de Pernambuco. Participa\u00e7\u00e3o na execu\u00e7\u00e3o e no aprimoramento de um dos mais exitosos projetos na \u00e1rea de seguran\u00e7a do pa\u00eds, o Plano Estadual de Seguran\u00e7a P\u00fablica o &#8220;Pacto Pela Vida&#8221;. Atuou como Especialista em Seguran\u00e7a nos Jogos Ol\u00edmpicos da cidade do Rio de Janeiro, pelo Comit\u00ea Organizador dos Jogos Ol\u00edmpicos RIO2016.<\/div>\n<div style=\"text-align: justify;\">\n<\/div>\n<div style=\"text-align: justify;\">\n<b>Secretaria da Fazenda:<\/b>&nbsp;Diogo de Carvalho Bezerra<\/div>\n<div style=\"text-align: justify;\">\n<\/div>\n<div class=\"separator\" style=\"clear: both; text-align: center;\">\n<a href=\"https:\/\/4.bp.blogspot.com\/-mliwScqIigY\/WGP8z5mXZiI\/AAAAAAAAMho\/c_bY6B6dsF4sYlu7nOOcfVG6AXmtt-qwgCLcB\/s1600\/Diogo%2Bde%2BCarvalho%2BBezerra.JPG\" imageanchor=\"1\" style=\"margin-left: 1em; margin-right: 1em;\"><img loading=\"lazy\" decoding=\"async\" border=\"0\" height=\"263\" src=\"http:\/\/blogdoedvaldomagalhaes.com.br\/wp-content\/uploads\/2016\/12\/DiogodeCarvalhoBezerra.jpg\" width=\"320\" \/><\/a><\/div>\n<div style=\"text-align: justify;\">\n<\/div>\n<div style=\"text-align: justify;\">\nEconomista e Prof. Doutor em Engenharia de Produ\u00e7\u00e3o pela UFPE, j\u00e1 lecionou na \u00e1rea de gest\u00e3o em p\u00f3s-gradua\u00e7\u00e3o na Universidade Mackenzie, &nbsp;na Faculdade Boa Viagem, para executivos &nbsp;da SIEMENS em S\u00e3o Paulo. Em 2002 foi Consultor em um projetos de avalia\u00e7\u00e3o do PRODETUR\/BBB. Em 2006 tornou-se coordenador do N\u00facleo de Gest\u00e3o do Centro Acad\u00eamico do Agreste\/ Caruaru. Prestou consultoria em empresas e institui\u00e7\u00f5es como a SEFAZ\/PE na \u00e1rea financeira e econ\u00f4mica.<\/div>\n<div style=\"text-align: justify;\">\n<\/div>\n<div style=\"text-align: justify;\">\n<b>Secretaria de Planejamento, Or\u00e7amento e Gest\u00e3o:<\/b>&nbsp;Rub\u00e9n Pecchio<\/div>\n<div style=\"text-align: justify;\">\n<\/div>\n<div class=\"separator\" style=\"clear: both; text-align: center;\">\n<a href=\"https:\/\/1.bp.blogspot.com\/--PXE33SGbyU\/WGP9EX9ZliI\/AAAAAAAAMhw\/-d4W8JbUcugmIWOSk6--e_iY4vFMvSYxgCLcB\/s1600\/Rub%25C3%25A9n%2BPecchio.jpg\" imageanchor=\"1\" style=\"margin-left: 1em; margin-right: 1em;\"><img loading=\"lazy\" decoding=\"async\" border=\"0\" height=\"320\" src=\"http:\/\/blogdoedvaldomagalhaes.com.br\/wp-content\/uploads\/2016\/12\/RubC3A9nPecchio.jpg\" width=\"245\" \/><\/a><\/div>\n<div style=\"text-align: justify;\">\n<\/div>\n<div style=\"text-align: justify;\">\nMestre em Desenvolvimento Urbano (UFPE). Professor na P\u00f3s Gradua\u00e7\u00e3o em Gest\u00e3o e Projetos Sociais (UNICAP) e na Especializa\u00e7\u00e3o em Gest\u00e3o de Neg\u00f3cios (Faculdade SENAC). Formado em Gerenciamento de Projetos Profissionais &#8211; Planejamento de Projetos do PMI &#8211; United Kingdom. Assessorou movimentos comunit\u00e1rios pelo direito \u00e0 cidade. Secret\u00e1rio de Planejamento para o Sistema de Incentivo \u00e0 Cultura do Estado de Pernambuco (FUNCULTURA e Lei Patrim\u00f4nio Vivo). Trabalhou para organiza\u00e7\u00f5es da coopera\u00e7\u00e3o internacional (Funda\u00e7\u00e3o AVINA, Inst. C&amp;A, PLAN International, Save the Children UK, International Service UK, e Inst. ARCOR Brasil, entre outras). Consultor pelo DFID-UK, CIDA-Canad\u00e1 e Banco Mundial avaliando programas do BIRD de al\u00edvio \u00e0 pobreza no Brasil.<\/div>\n<div style=\"text-align: justify;\">\n<\/div>\n<div style=\"text-align: justify;\">\n<b>Secretaria de Desenvolvimento Econ\u00f4mico e Economia Criativa:<\/b>&nbsp;Jo\u00e3o Melo Neto<\/div>\n<div style=\"text-align: justify;\">\n<\/div>\n<div class=\"separator\" style=\"clear: both; text-align: center;\">\n<a href=\"https:\/\/1.bp.blogspot.com\/-DK1kFVT8Uww\/WGP-yX9KhhI\/AAAAAAAAMiU\/nLBJl9reTbkNoGmjq02o7Y_axuN8MPRzwCLcB\/s1600\/Jo%25C3%25A3o%2BMelo%2BNeto.jpg\" imageanchor=\"1\" style=\"margin-left: 1em; margin-right: 1em;\"><img loading=\"lazy\" decoding=\"async\" border=\"0\" height=\"266\" src=\"http:\/\/blogdoedvaldomagalhaes.com.br\/wp-content\/uploads\/2016\/12\/JoC3A3oMeloNeto.jpg\" width=\"320\" \/><\/a><\/div>\n<div style=\"text-align: justify;\">\n<\/div>\n<div style=\"text-align: justify;\">\nFormado em Administra\u00e7\u00e3o de Empresas pela Universidade Cat\u00f3lica de Pernambuco no ano de 2002 e MBA em Marketing e Vendas pelo CEDEPE. Extens\u00e3o em Marketing Viral e Epid\u00eamico, Gest\u00e3o para Empresas Familiares pela ESPM (SP). Extens\u00e3o em Gest\u00e3o de Projetos pela FIEPE. Experi\u00eancias no Banco BCN S\/A, Pronto Comunica\u00e7\u00e3o, Usi + Comunica\u00e7\u00e3o, Est\u00fadio Zero \u2013 OVO e atualmente na Comello Engenharia.<\/div>\n<div style=\"text-align: justify;\">\n<\/div>\n<p><b>Secretaria de Desenvolvimento Social, Inclus\u00e3o e Direitos Humanos:<\/b>&nbsp;Fernando Silva<\/p>\n<p><\/p>\n<div class=\"separator\" style=\"clear: both; text-align: center;\">\n<a href=\"https:\/\/1.bp.blogspot.com\/-2qfzwvY3pz8\/WGP9VZAigFI\/AAAAAAAAMh0\/9OKhTGI9c3MoGRq_JmQymMD3kL-N44bGgCLcB\/s1600\/Fernando%2BSilva.jpg\" imageanchor=\"1\" style=\"margin-left: 1em; margin-right: 1em;\"><img loading=\"lazy\" decoding=\"async\" border=\"0\" height=\"320\" src=\"http:\/\/blogdoedvaldomagalhaes.com.br\/wp-content\/uploads\/2016\/12\/FernandoSilva.jpg\" width=\"275\" \/><\/a><\/div>\n<div style=\"text-align: justify;\">\nEspecialista em Direitos da Crian\u00e7a e do Adolescente pela Universidade Federal Rural de Pernambuco; Licenciado em Hist\u00f3ria na Universidade Cat\u00f3lica de Pernambuco. Professor da Escola de Conselhos de Pernambuco. Atuou como Secret\u00e1rio Executivo de Coordena\u00e7\u00e3o da Gest\u00e3o e Secret\u00e1rio Executivo de Assist\u00eancia Social do Jaboat\u00e3o dos Guararapes e tamb\u00e9m foi Secret\u00e1rio Executivo dos Sistemas Protetivo e Socioeducativo da Secretaria estadual da Crian\u00e7a e da Juventude. Exerceu ainda, recentemente, a presid\u00eancia do Conselho Municipal de Assist\u00eancia Social do Jaboat\u00e3o dos Guararapes.<\/div>\n<p>\n<b>Secretaria de Servi\u00e7os P\u00fablicos:<\/b>&nbsp;Humberto Correia Lima J\u00fanior<\/p>\n<p><\/p>\n<div class=\"separator\" style=\"clear: both; text-align: center;\">\n<a href=\"https:\/\/3.bp.blogspot.com\/-s1xcrgWyETA\/WGP-JJAbszI\/AAAAAAAAMiI\/4KmVpUSxRWwmpepXScvahCkLzojYmHrPgCLcB\/s1600\/Humberto%2BCorreia%2BLima%2BJ%25C3%25BAnior.jpg\" imageanchor=\"1\" style=\"margin-left: 1em; margin-right: 1em;\"><img loading=\"lazy\" decoding=\"async\" border=\"0\" height=\"268\" src=\"http:\/\/blogdoedvaldomagalhaes.com.br\/wp-content\/uploads\/2016\/12\/HumbertoCorreiaLimaJC3BAnior.jpg\" width=\"320\" \/><\/a><\/div>\n<div style=\"text-align: justify;\">\nPossui gradua\u00e7\u00e3o em Engenharia Civil pela Universidade Federal da Para\u00edba (1994), mestrado em Engenharia Civil pela Pontif\u00edcia Universidade Cat\u00f3lica do Rio de Janeiro (1997) e doutorado em Engenharia Civil (Engenharia de Estruturas) pela Universidade de S\u00e3o Paulo (2003). Atualmente \u00e9 Professor Adjunto da Universidade Federal de Pernambuco. Tem experi\u00eancia na \u00e1rea de Engenharia Civil, com \u00eanfase em Estruturas de Concreto.<\/div>\n<p>\n<b>Secretaria de Urbanismo e Obras:<\/b>&nbsp;Nyadja Menezes<\/p>\n<p><\/p>\n<div class=\"separator\" style=\"clear: both; text-align: center;\">\n<a href=\"https:\/\/3.bp.blogspot.com\/-4wpCrS2zWWI\/WGP-XNH39jI\/AAAAAAAAMiM\/tpkxBEmcnm8DIjn1pw2eWcrDtmFmulrCACLcB\/s1600\/Nyadja%2BMenezes.jpg\" imageanchor=\"1\" style=\"margin-left: 1em; margin-right: 1em;\"><img loading=\"lazy\" decoding=\"async\" border=\"0\" height=\"320\" src=\"http:\/\/blogdoedvaldomagalhaes.com.br\/wp-content\/uploads\/2016\/12\/NyadjaMenezes.jpg\" width=\"301\" \/><\/a><\/div>\n<div style=\"text-align: justify;\">\nEngenheira Civil pela Universidade Cat\u00f3lica de Pernambuco; especialista em Gest\u00e3o e Controle Ambiental; doutora em Recursos H\u00eddricos. \u00c9 servidora da Compesa, tendo atuado nos \u00faltimos meses como Gerente Regional do Agreste Central. \u00c9 tamb\u00e9m professora da UNIFAVIP\/DeVry.<\/div>\n<div style=\"text-align: justify;\">\n<\/div>\n<p><b>Secretaria de Pol\u00edticas para as Mulheres:&nbsp;<\/b>Perp\u00e9tua Dantas<\/p>\n<p><\/p>\n<div class=\"separator\" style=\"clear: both; text-align: center;\">\n<a href=\"https:\/\/2.bp.blogspot.com\/-lSYoQ3r-xgM\/WGP_ItCKdkI\/AAAAAAAAMic\/xfWlvn15MDEyAAMqBUfvt5N2VR0CsHS7ACLcB\/s1600\/Perp%25C3%25A9tua%2BDantas.png\" imageanchor=\"1\" style=\"margin-left: 1em; margin-right: 1em;\"><img loading=\"lazy\" decoding=\"async\" border=\"0\" height=\"273\" src=\"http:\/\/blogdoedvaldomagalhaes.com.br\/wp-content\/uploads\/2016\/12\/PerpC3A9tuaDantas.jpg\" width=\"320\" \/><\/a><\/div>\n<div style=\"text-align: justify;\">\nAdvogada Criminalista, especialista em Direito Penal e Processual Penal, Professora universit\u00e1ria (ASCES\/UNITA), Mestre em Ci\u00eancia Pol\u00edtica pela UFPE, pesquisador do Grupo de pesquisa &#8211; UFPE\/CNPq: Educa\u00e7\u00e3o, Inclus\u00e3o Social e Direitos Humanos, Coordenadora do Programa Ado\u00e7\u00e3o Jur\u00eddica de Cidad\u00e3os Presos (ASCES\/UNITA) com atua\u00e7\u00e3o na PJPS, Coordenadora do Escrit\u00f3rio de Pr\u00e1ticas Jur\u00eddicas da ASCES\/UNITA.&nbsp;<\/div>\n<p><b>Secretaria de Sustentabilidade e Desenvolvimento Rural:<\/b>&nbsp;Diogo Cantarelli<\/p>\n<p><\/p>\n<div class=\"separator\" style=\"clear: both; text-align: center;\">\n<a href=\"https:\/\/2.bp.blogspot.com\/-WNS1LLMhdD0\/WGP_Sfz8N8I\/AAAAAAAAMik\/Ep2b8mUXMSoDYido-YilhwMGkdwn_jS8QCLcB\/s1600\/Diogo%2BCantarelli.jpeg\" imageanchor=\"1\" style=\"margin-left: 1em; margin-right: 1em;\"><img loading=\"lazy\" decoding=\"async\" border=\"0\" height=\"320\" src=\"http:\/\/blogdoedvaldomagalhaes.com.br\/wp-content\/uploads\/2016\/12\/DiogoCantarelli.jpeg\" width=\"314\" \/><\/a><\/div>\n<div style=\"text-align: justify;\">\nPossui gradua\u00e7\u00e3o em Administra\u00e7\u00e3o de Empresas pela Faculdade de Olinda. Tem experi\u00eancia nas \u00e1reas de Administra\u00e7\u00e3o P\u00fablica e Privada. Foi vereador por dois mandatos.<\/div>\n<p>\n<b>Funda\u00e7\u00e3o de Cultura e Turismo:<\/b>&nbsp;L\u00facio Omena<\/p>\n<p><\/p>\n<div class=\"separator\" style=\"clear: both; text-align: center;\">\n<a href=\"https:\/\/3.bp.blogspot.com\/-QQRFTajxBSI\/WGP_jPGwOJI\/AAAAAAAAMio\/U2O6DNebgBw6xeO6Oh9p0jAiQVX7nIEDgCLcB\/s1600\/L%25C3%25BAcio%2BOmena.jpg\" imageanchor=\"1\" style=\"margin-left: 1em; margin-right: 1em;\"><img loading=\"lazy\" decoding=\"async\" border=\"0\" height=\"213\" src=\"http:\/\/blogdoedvaldomagalhaes.com.br\/wp-content\/uploads\/2016\/12\/LC3BAcioOmena.jpg\" width=\"320\" \/><\/a><\/div>\n<div style=\"text-align: justify;\">\nM\u00e9dico. Presidente da OSCIPE Movimento Cultural \u201cOh dicasa\u201d e Gestor do Projeto Mulheres de Argila.<\/div>\n<p>\n<b>Controladoria:<\/b>&nbsp;Cl\u00e1udia Correia<\/p>\n<p><\/p>\n<div class=\"separator\" style=\"clear: both; text-align: center;\">\n<a href=\"https:\/\/1.bp.blogspot.com\/-N4bck3xj-9A\/WGP_43goYOI\/AAAAAAAAMiw\/_RgZP2v9nbwERtsLWBwUrN2M6HKlmkqcQCLcB\/s1600\/Cl%25C3%25A1udia%2BCorreia.jpg\" imageanchor=\"1\" style=\"margin-left: 1em; margin-right: 1em;\"><img loading=\"lazy\" decoding=\"async\" border=\"0\" height=\"240\" src=\"http:\/\/blogdoedvaldomagalhaes.com.br\/wp-content\/uploads\/2016\/12\/ClC3A1udiaCorreia.jpg\" width=\"320\" \/><\/a><\/div>\n<div style=\"text-align: justify;\">\nAdministradora \u00e9 mestre em Administra\u00e7\u00e3o P\u00fablica pela FGV RJ, auditora da Secretaria da Fazenda do Governo de Pernambuco, ex secretaria executiva da Controladoria Geral do Estado e ex Diretora Presidente da FUNAPE.<\/div>\n<p>\n<b>Procuradoria:<\/b> T\u00falio Frederico Ten\u00f3rio Vila\u00e7a<\/p>\n<p><\/p>\n<div class=\"separator\" style=\"clear: both; text-align: center;\">\n<a href=\"https:\/\/2.bp.blogspot.com\/-JUH2ttmXYJk\/WGQAATZtecI\/AAAAAAAAMi4\/CrGotkCDI9YD1NyO7xjILf3lqX63CcAoACLcB\/s1600\/T%25C3%25BAlio%2BFrederico%2BTen%25C3%25B3rio%2BVila%25C3%25A7a.jpg\" imageanchor=\"1\" style=\"margin-left: 1em; margin-right: 1em;\"><img loading=\"lazy\" decoding=\"async\" border=\"0\" height=\"298\" src=\"http:\/\/blogdoedvaldomagalhaes.com.br\/wp-content\/uploads\/2016\/12\/TC3BAlioFredericoTenC3B3rioVilaC3A7a.jpg\" width=\"320\" \/><\/a><\/div>\n<div style=\"text-align: justify;\">\nFormado em Direito pela Universidade Cat\u00f3lica de Pernambuco; especializa\u00e7\u00e3o em Direito Tribut\u00e1rio e Constitucional; participou de curso de extens\u00e3o na \u00e1rea do Direito Falimentar e Recupera\u00e7\u00e3o Judicial pela FGV\/RJ \u2013 Funda\u00e7\u00e3o Get\u00falio Vargas. Foi Conselheiro Estadual da OAB\/PE, no tri\u00eanio 2007\/2009. P\u00f3s-graduado em Direito Administrativo pela Universidade Federal de Pernambuco \u2013 UFPE; membro da Comiss\u00e3o de Direito Empresarial da OAB\/PE, subcomiss\u00e3o de Recupera\u00e7\u00e3o Judicial e Fal\u00eancias; Advogado militante, presta consultoria jur\u00eddica a diversas sociedades empres\u00e1rias, al\u00e9m da Associa\u00e7\u00e3o dos Magistrados de Pernambuco; atua nas \u00e1reas do direito administrativo, tribut\u00e1rio e de recupera\u00e7\u00e3o judicial, inclusive como Administrador Judicial. Atualmente \u00e9 membro da Comiss\u00e3o Eleitoral da OAB\/PE &#8211; Elei\u00e7\u00f5es 2015.<\/div>\n<p>\n<b>Chefe de Gabinete:<\/b>&nbsp;Chussely Souza<\/p>\n<p><\/p>\n<div class=\"separator\" style=\"clear: both; text-align: center;\">\n<a href=\"https:\/\/1.bp.blogspot.com\/-z8Zzd7Cfk3g\/WGQAImTZljI\/AAAAAAAAMi8\/hZpDLhUmu68lisCmzvVbsSAoqUJYB-gTgCLcB\/s1600\/Chussely%2BSouza.jpg\" imageanchor=\"1\" style=\"margin-left: 1em; margin-right: 1em;\"><img loading=\"lazy\" decoding=\"async\" border=\"0\" height=\"320\" src=\"http:\/\/blogdoedvaldomagalhaes.com.br\/wp-content\/uploads\/2016\/12\/ChusselySouza.jpg\" width=\"320\" \/><\/a><\/div>\n<p>\n<b>Secretaria Executivo de Comunica\u00e7\u00e3o:<\/b>&nbsp;H\u00e9lio J\u00fanior<\/p>\n<p><\/p>\n<div class=\"separator\" style=\"clear: both; text-align: center;\">\n<a href=\"https:\/\/4.bp.blogspot.com\/-M7aDuis_A3Y\/WGQASaXz1EI\/AAAAAAAAMjA\/seOpWkPbWRIWMYiE649fi-V5zWkX99pKQCLcB\/s1600\/H%25C3%25A9lio%2BJ%25C3%25BAnior.jpg\" imageanchor=\"1\" style=\"margin-left: 1em; margin-right: 1em;\"><img loading=\"lazy\" decoding=\"async\" border=\"0\" height=\"320\" src=\"http:\/\/blogdoedvaldomagalhaes.com.br\/wp-content\/uploads\/2016\/12\/HC3A9lioJC3BAnior.jpg\" width=\"274\" \/><\/a><\/div>\n<p>\n<b>Secretaria Executiva de Imprensa:<\/b>&nbsp;Ricardo Almo\u00eado<\/p>\n<p><\/p>\n<div class=\"separator\" style=\"clear: both; text-align: center;\">\n<a href=\"http:\/\/blogdoedvaldomagalhaes.com.br\/wp-content\/uploads\/2016\/12\/RicardoAlmoC3AAdo.jpg\" imageanchor=\"1\" style=\"margin-left: 1em; margin-right: 1em;\"><img decoding=\"async\" border=\"0\" src=\"http:\/\/blogdoedvaldomagalhaes.com.br\/wp-content\/uploads\/2016\/12\/RicardoAlmoC3AAdo.jpg\" \/><\/a><\/div>\n","protected":false},"excerpt":{"rendered":"<p>Foram apresentados hoje (28) pela manh\u00e3 os futuros secret\u00e1rios da gest\u00e3o de Raquel Lyra (PSDB) na prefeitura de Caruaru a&hellip;<\/p>\n","protected":false},"author":1,"featured_media":0,"comment_status":"open","ping_status":"open","sticky":false,"template":"","format":"standard","meta":{"footnotes":""},"categories":[1],"tags":[2,6,20,10076],"class_list":["post-7237","post","type-post","status-publish","format-standard","hentry","category-sem-categoria","tag-blog-do-edvaldo-magalhaes","tag-noticias","tag-politica","tag-raquel-lyra-anuncia-secretariado-de-sua-gestao"],"_links":{"self":[{"href":"https:\/\/blogdoedvaldomagalhaes.com.br\/index.php\/wp-json\/wp\/v2\/posts\/7237","targetHints":{"allow":["GET"]}}],"collection":[{"href":"https:\/\/blogdoedvaldomagalhaes.com.br\/index.php\/wp-json\/wp\/v2\/posts"}],"about":[{"href":"https:\/\/blogdoedvaldomagalhaes.com.br\/index.php\/wp-json\/wp\/v2\/types\/post"}],"author":[{"embeddable":true,"href":"https:\/\/blogdoedvaldomagalhaes.com.br\/index.php\/wp-json\/wp\/v2\/users\/1"}],"replies":[{"embeddable":true,"href":"https:\/\/blogdoedvaldomagalhaes.com.br\/index.php\/wp-json\/wp\/v2\/comments?post=7237"}],"version-history":[{"count":1,"href":"https:\/\/blogdoedvaldomagalhaes.com.br\/index.php\/wp-json\/wp\/v2\/posts\/7237\/revisions"}],"predecessor-version":[{"id":15547,"href":"https:\/\/blogdoedvaldomagalhaes.com.br\/index.php\/wp-json\/wp\/v2\/posts\/7237\/revisions\/15547"}],"wp:attachment":[{"href":"https:\/\/blogdoedvaldomagalhaes.com.br\/index.php\/wp-json\/wp\/v2\/media?parent=7237"}],"wp:term":[{"taxonomy":"category","embeddable":true,"href":"https:\/\/blogdoedvaldomagalhaes.com.br\/index.php\/wp-json\/wp\/v2\/categories?post=7237"},{"taxonomy":"post_tag","embeddable":true,"href":"https:\/\/blogdoedvaldomagalhaes.com.br\/index.php\/wp-json\/wp\/v2\/tags?post=7237"}],"curies":[{"name":"wp","href":"https:\/\/api.w.org\/{rel}","templated":true}]}}