{"id":7236,"date":"2016-12-28T16:11:00","date_gmt":"2016-12-28T18:11:00","guid":{"rendered":"http:\/\/blogdoedvaldomagalhaes.com.br\/index.php\/2016\/12\/28\/abono-salarial-pispasep-de-2014-pode\/"},"modified":"2019-02-09T01:12:05","modified_gmt":"2019-02-09T03:12:05","slug":"abono-salarial-pispasep-de-2014-pode","status":"publish","type":"post","link":"https:\/\/blogdoedvaldomagalhaes.com.br\/index.php\/2016\/12\/28\/abono-salarial-pispasep-de-2014-pode\/","title":{"rendered":"Abono salarial PIS\/PASEP de 2014 pode ser sacado at\u00e9 esta quinta-feira"},"content":{"rendered":"<div class=\"separator\" style=\"clear: both; text-align: center;\">\n<a href=\"https:\/\/4.bp.blogspot.com\/-SWMcd67G3Jg\/WGPj3PkH3LI\/AAAAAAAAMgw\/_ZjPZFk88Mcd9c-B6eboqs5U03YKJVYXACLcB\/s1600\/pis.jpg\" imageanchor=\"1\" style=\"margin-left: 1em; margin-right: 1em;\"><img loading=\"lazy\" decoding=\"async\" border=\"0\" height=\"218\" src=\"http:\/\/blogdoedvaldomagalhaes.com.br\/wp-content\/uploads\/2016\/12\/pis.jpg\" width=\"400\" \/><\/a><\/div>\n<div style=\"color: #333333; font-family: &quot;Open Sans&quot;, sans-serif; font-size: 15px; list-style: none; text-align: justify;\">\n<\/div>\n<div style=\"color: #333333; font-family: &quot;Open Sans&quot;, sans-serif; font-size: 15px; list-style: none; text-align: justify;\">\nSe voc\u00ea estava inscrito no PIS\/Pasep h\u00e1 cinco anos ou mais e trabalhou por pelo menos um m\u00eas com carteira assinada, em 2014, com remunera\u00e7\u00e3o de at\u00e9 dois sal\u00e1rios m\u00ednimos, voc\u00ea pode ter direito ao abono salarial daquele ano. Mas o prazo para sacar o benef\u00edcio se encerra nesta quinta-feira (29).<\/div>\n<div style=\"color: #333333; font-family: &quot;Open Sans&quot;, sans-serif; font-size: 15px; list-style: none; text-align: justify;\">\n&nbsp;<\/div>\n<div style=\"color: #333333; font-family: &quot;Open Sans&quot;, sans-serif; font-size: 15px; list-style: none; text-align: justify;\">\nPor isso, \u00e9 preciso consultar a sua situa\u00e7\u00e3o o quanto antes, no&nbsp;<b style=\"list-style: none;\"><a href=\"http:\/\/trabalho.gov.br\/\" style=\"color: #333333; list-style: none; text-decoration: none;\" target=\"_blank\">site<\/a><\/b>&nbsp;do Minist\u00e9rio do Trabalho e Emprego. Pouco mais de 900 mil pessoas t\u00eam direito a receber o dinheiro, sendo cerca de 17 mil em Pernambuco.<\/div>\n","protected":false},"excerpt":{"rendered":"<p>Se voc\u00ea estava inscrito no PIS\/Pasep h\u00e1 cinco anos ou mais e trabalhou por pelo menos um m\u00eas com carteira&hellip;<\/p>\n","protected":false},"author":1,"featured_media":0,"comment_status":"open","ping_status":"open","sticky":false,"template":"","format":"standard","meta":{"footnotes":""},"categories":[1],"tags":[10074,2,10075,6],"class_list":["post-7236","post","type-post","status-publish","format-standard","hentry","category-sem-categoria","tag-abono-salarial-pis-pasep-de-2014-pode-ser-sacado-ate-esta-quinta-feira","tag-blog-do-edvaldo-magalhaes","tag-ministerio-do-trabalho-e-emprego","tag-noticias"],"_links":{"self":[{"href":"https:\/\/blogdoedvaldomagalhaes.com.br\/index.php\/wp-json\/wp\/v2\/posts\/7236","targetHints":{"allow":["GET"]}}],"collection":[{"href":"https:\/\/blogdoedvaldomagalhaes.com.br\/index.php\/wp-json\/wp\/v2\/posts"}],"about":[{"href":"https:\/\/blogdoedvaldomagalhaes.com.br\/index.php\/wp-json\/wp\/v2\/types\/post"}],"author":[{"embeddable":true,"href":"https:\/\/blogdoedvaldomagalhaes.com.br\/index.php\/wp-json\/wp\/v2\/users\/1"}],"replies":[{"embeddable":true,"href":"https:\/\/blogdoedvaldomagalhaes.com.br\/index.php\/wp-json\/wp\/v2\/comments?post=7236"}],"version-history":[{"count":1,"href":"https:\/\/blogdoedvaldomagalhaes.com.br\/index.php\/wp-json\/wp\/v2\/posts\/7236\/revisions"}],"predecessor-version":[{"id":15549,"href":"https:\/\/blogdoedvaldomagalhaes.com.br\/index.php\/wp-json\/wp\/v2\/posts\/7236\/revisions\/15549"}],"wp:attachment":[{"href":"https:\/\/blogdoedvaldomagalhaes.com.br\/index.php\/wp-json\/wp\/v2\/media?parent=7236"}],"wp:term":[{"taxonomy":"category","embeddable":true,"href":"https:\/\/blogdoedvaldomagalhaes.com.br\/index.php\/wp-json\/wp\/v2\/categories?post=7236"},{"taxonomy":"post_tag","embeddable":true,"href":"https:\/\/blogdoedvaldomagalhaes.com.br\/index.php\/wp-json\/wp\/v2\/tags?post=7236"}],"curies":[{"name":"wp","href":"https:\/\/api.w.org\/{rel}","templated":true}]}}