{"id":72291,"date":"2021-07-21T12:47:26","date_gmt":"2021-07-21T15:47:26","guid":{"rendered":"https:\/\/blogdoedvaldomagalhaes.com.br\/?p=72291"},"modified":"2021-07-21T12:47:28","modified_gmt":"2021-07-21T15:47:28","slug":"audiencia-publica-discutira-propostas-do-plano-de-mobilidade-urbana-para-a-caruaru","status":"publish","type":"post","link":"https:\/\/blogdoedvaldomagalhaes.com.br\/index.php\/2021\/07\/21\/audiencia-publica-discutira-propostas-do-plano-de-mobilidade-urbana-para-a-caruaru\/","title":{"rendered":"Audi\u00eancia P\u00fablica discutir\u00e1 propostas do Plano de Mobilidade Urbana para a Caruaru"},"content":{"rendered":"<p style=\"text-align: justify;\"><span style=\"font-size: inherit;\">No pr\u00f3ximo dia 28 (quarta-feira) \u00e0s 10h, acontecer\u00e1 Audi\u00eancia P\u00fablica sobre o Plano de Mobilidade Urbana na C\u00e2mara Municipal de Caruaru. O evento ir\u00e1 reunir estudiosos sobre a tem\u00e1tica, a fim de promover um debate amplamente qualificado sobre as quest\u00f5es ligadas ao deslocamento na cidade, acessibilidade, o incentivo \u00e0 utiliza\u00e7\u00e3o do transporte p\u00fablico, incluindo o n\u00e3o motorizado e a preserva\u00e7\u00e3o do meio ambiente natural atrav\u00e9s da diminui\u00e7\u00e3o de poluentes.<\/span><\/p>\n<p style=\"text-align: justify;\">\u201cNosso objetivo \u00e9 que haja um grande avan\u00e7o em todo o plano de mobilidade do munic\u00edpio incluindo o transporte, ve\u00edculos, pedestres, ciclistas, cal\u00e7adas e todo o projeto de revitaliza\u00e7\u00e3o da cidade. Essa Audi\u00eancia representa um passo importante para pensarmos a mobilidade urbana e investimentos futuros, atacando temas importantes como seguran\u00e7a vi\u00e1ria e transporte p\u00fablico\u201d, disse o propositor Jorge Quintino.<br \/>\nO formato da Audi\u00eancia ser\u00e1 de forma h\u00edbrida, ou seja, presencial e remota. Confirmaram presen\u00e7a:<br \/>\n\u2022 Diogo Bezerra \u2013 Presidente da Autarquia de Mobilidade, Tr\u00e3nsito e Transporte de Caruaru;<br \/>\n\u2022 Adolfo Jos\u00e9 \u2013 Ex-presidente da Associa\u00e7\u00e3o das Empresas de Transportes de Passageiros de Caruaru \u2013 AETPC e propriet\u00e1rio da empresa Coletivos;<br \/>\n\u2022 Alex Monteiro &#8211; Profissional da seguran\u00e7a p\u00fablica e do tr\u00e2nsito, foi um dos primeiros comandantes da Destra \u2013 Caruaru e atualmente \u00e9 Secret\u00e1rio Executivo de Seguran\u00e7a P\u00fablica do CONSEG-PE.<br \/>\n\u2022 Vanessa Kelly \u2013 P\u00f3s-graduada em Gest\u00e3o da Mobilidade Urbana e s\u00f3cia na empresa Capital do Agreste Transportes Urbanos;<br \/>\n\u2022 Ivan Cunha \u2013 Professor e Especialista em Engenharia de Transportes<br \/>\n\u2022 M\u00e1rcio Raniere \u2013 Cadeirante.<\/p>\n<p style=\"text-align: justify;\">\u201cO empres\u00e1rio Ricardo Henrique (in memorian) estaria participando, inclusive j\u00e1 havia confirmado sua presen\u00e7a. Com certeza estaria agregando e muito com suas ideias inovadoras. Fica aqui o registro de nosso pesar\u201d, finalizou Jorge Quintino.<\/p>\n<p style=\"text-align: justify;\">A Audi\u00eancia P\u00fablica ser\u00e1 transmitida pela TV C\u00e2mara \u2013 Canal 22.2 e demais redes sociais do Poder Legislativo de Caruaru.<\/p>\n","protected":false},"excerpt":{"rendered":"<p>No pr\u00f3ximo dia 28 (quarta-feira) \u00e0s 10h, acontecer\u00e1 Audi\u00eancia P\u00fablica sobre o Plano de Mobilidade Urbana na C\u00e2mara Municipal de&hellip;<\/p>\n","protected":false},"author":1,"featured_media":72292,"comment_status":"open","ping_status":"open","sticky":false,"template":"","format":"standard","meta":{"footnotes":""},"categories":[14122],"tags":[22234,2,19532,9899,1950,20],"class_list":["post-72291","post","type-post","status-publish","format-standard","has-post-thumbnail","hentry","category-politica","tag-audiencia-publica-discutira-propostas-do-plano-de-mobilidade-urbana-para-a-caruaru","tag-blog-do-edvaldo-magalhaes","tag-blog-mais-acessado-e-visualizado-de-caruaru-e-regiao","tag-jorge-quintino","tag-noticias-de-caruaru","tag-politica"],"_links":{"self":[{"href":"https:\/\/blogdoedvaldomagalhaes.com.br\/index.php\/wp-json\/wp\/v2\/posts\/72291","targetHints":{"allow":["GET"]}}],"collection":[{"href":"https:\/\/blogdoedvaldomagalhaes.com.br\/index.php\/wp-json\/wp\/v2\/posts"}],"about":[{"href":"https:\/\/blogdoedvaldomagalhaes.com.br\/index.php\/wp-json\/wp\/v2\/types\/post"}],"author":[{"embeddable":true,"href":"https:\/\/blogdoedvaldomagalhaes.com.br\/index.php\/wp-json\/wp\/v2\/users\/1"}],"replies":[{"embeddable":true,"href":"https:\/\/blogdoedvaldomagalhaes.com.br\/index.php\/wp-json\/wp\/v2\/comments?post=72291"}],"version-history":[{"count":1,"href":"https:\/\/blogdoedvaldomagalhaes.com.br\/index.php\/wp-json\/wp\/v2\/posts\/72291\/revisions"}],"predecessor-version":[{"id":72293,"href":"https:\/\/blogdoedvaldomagalhaes.com.br\/index.php\/wp-json\/wp\/v2\/posts\/72291\/revisions\/72293"}],"wp:featuredmedia":[{"embeddable":true,"href":"https:\/\/blogdoedvaldomagalhaes.com.br\/index.php\/wp-json\/wp\/v2\/media\/72292"}],"wp:attachment":[{"href":"https:\/\/blogdoedvaldomagalhaes.com.br\/index.php\/wp-json\/wp\/v2\/media?parent=72291"}],"wp:term":[{"taxonomy":"category","embeddable":true,"href":"https:\/\/blogdoedvaldomagalhaes.com.br\/index.php\/wp-json\/wp\/v2\/categories?post=72291"},{"taxonomy":"post_tag","embeddable":true,"href":"https:\/\/blogdoedvaldomagalhaes.com.br\/index.php\/wp-json\/wp\/v2\/tags?post=72291"}],"curies":[{"name":"wp","href":"https:\/\/api.w.org\/{rel}","templated":true}]}}