{"id":7229,"date":"2016-12-29T10:57:00","date_gmt":"2016-12-29T12:57:00","guid":{"rendered":"http:\/\/blogdoedvaldomagalhaes.com.br\/index.php\/2016\/12\/29\/irmao-tentou-manter-relacoes-sexuais\/"},"modified":"2019-02-09T01:12:07","modified_gmt":"2019-02-09T03:12:07","slug":"irmao-tentou-manter-relacoes-sexuais","status":"publish","type":"post","link":"https:\/\/blogdoedvaldomagalhaes.com.br\/index.php\/2016\/12\/29\/irmao-tentou-manter-relacoes-sexuais\/","title":{"rendered":"Irm\u00e3o tentou manter rela\u00e7\u00f5es sexuais com a irm\u00e3 em Caruaru e \u00e9 esfaqueado por ela"},"content":{"rendered":"<div class=\"separator\" style=\"clear: both; text-align: center;\">\n<a href=\"https:\/\/3.bp.blogspot.com\/-lqPIam3Fa3w\/WGTrVWotzzI\/AAAAAAAAMlc\/J10UxU4dppk7ZSlJ6Y5nCIw_pc_K_LxSACLcB\/s1600\/adielson.JPG\" imageanchor=\"1\" style=\"margin-left: 1em; margin-right: 1em;\"><img loading=\"lazy\" decoding=\"async\" border=\"0\" height=\"265\" src=\"http:\/\/blogdoedvaldomagalhaes.com.br\/wp-content\/uploads\/2016\/12\/adielson-2.jpg\" width=\"400\" \/><\/a><\/div>\n<div class=\"separator\" style=\"clear: both; text-align: center;\">\nFoto: Adielson Galv\u00e3o<\/div>\n<div style=\"margin-bottom: .0001pt; margin: 0cm; text-align: justify;\">\nO<br \/>\nex-presidi\u00e1rio,&nbsp;<b>Ivanildo Bispo de Almeida,<\/b>&nbsp;de 40 anos, foi<br \/>\nesfaqueado pela pr\u00f3pria irm\u00e3 na manh\u00e3 dessa quarta-feira (28) na Favela<br \/>\nPortelinha no bairro Santa Rosa. Ele j\u00e1 foi preso por v\u00e1rios crimes e continua<br \/>\ninternado, inclusive seu estado cl\u00ednico \u00e9 grave.<\/div>\n<div style=\"margin-bottom: .0001pt; margin: 0cm; text-align: justify;\">\n<\/div>\n<div style=\"margin-bottom: .0001pt; margin: 0cm; text-align: justify;\">\n<\/div>\n<div style=\"margin: 0cm 0cm 0.0001pt;\">\nO&nbsp;<b>Cabo Vital<\/b>, informou que tanto a v\u00edtima quanto<br \/>\na sua irm\u00e3 fizeram o consumo de crack e em dado momento o Ivanildo quis manter<br \/>\nrela\u00e7\u00f5es sexuais com a pr\u00f3pria irm\u00e3 que mesmo drogada se negou e desferiu as<br \/>\nfacadas no irm\u00e3o, depois se evadiu e n\u00e3o foi encontrada pela pol\u00edcia.<\/div>\n","protected":false},"excerpt":{"rendered":"<p>Foto: Adielson Galv\u00e3o O ex-presidi\u00e1rio,&nbsp;Ivanildo Bispo de Almeida,&nbsp;de 40 anos, foi esfaqueado pela pr\u00f3pria irm\u00e3 na manh\u00e3 dessa quarta-feira (28)&hellip;<\/p>\n","protected":false},"author":1,"featured_media":0,"comment_status":"open","ping_status":"open","sticky":false,"template":"","format":"standard","meta":{"footnotes":""},"categories":[1],"tags":[2,7069,10064,13],"class_list":["post-7229","post","type-post","status-publish","format-standard","hentry","category-sem-categoria","tag-blog-do-edvaldo-magalhaes","tag-favela-portelinha","tag-irmao-tentou-manter-relacoes-sexuais-com-a-irma-em-caruaru-e-e-esfaqueada-por-ela","tag-policial"],"_links":{"self":[{"href":"https:\/\/blogdoedvaldomagalhaes.com.br\/index.php\/wp-json\/wp\/v2\/posts\/7229","targetHints":{"allow":["GET"]}}],"collection":[{"href":"https:\/\/blogdoedvaldomagalhaes.com.br\/index.php\/wp-json\/wp\/v2\/posts"}],"about":[{"href":"https:\/\/blogdoedvaldomagalhaes.com.br\/index.php\/wp-json\/wp\/v2\/types\/post"}],"author":[{"embeddable":true,"href":"https:\/\/blogdoedvaldomagalhaes.com.br\/index.php\/wp-json\/wp\/v2\/users\/1"}],"replies":[{"embeddable":true,"href":"https:\/\/blogdoedvaldomagalhaes.com.br\/index.php\/wp-json\/wp\/v2\/comments?post=7229"}],"version-history":[{"count":1,"href":"https:\/\/blogdoedvaldomagalhaes.com.br\/index.php\/wp-json\/wp\/v2\/posts\/7229\/revisions"}],"predecessor-version":[{"id":15563,"href":"https:\/\/blogdoedvaldomagalhaes.com.br\/index.php\/wp-json\/wp\/v2\/posts\/7229\/revisions\/15563"}],"wp:attachment":[{"href":"https:\/\/blogdoedvaldomagalhaes.com.br\/index.php\/wp-json\/wp\/v2\/media?parent=7229"}],"wp:term":[{"taxonomy":"category","embeddable":true,"href":"https:\/\/blogdoedvaldomagalhaes.com.br\/index.php\/wp-json\/wp\/v2\/categories?post=7229"},{"taxonomy":"post_tag","embeddable":true,"href":"https:\/\/blogdoedvaldomagalhaes.com.br\/index.php\/wp-json\/wp\/v2\/tags?post=7229"}],"curies":[{"name":"wp","href":"https:\/\/api.w.org\/{rel}","templated":true}]}}