{"id":7228,"date":"2016-12-29T11:09:00","date_gmt":"2016-12-29T13:09:00","guid":{"rendered":"http:\/\/blogdoedvaldomagalhaes.com.br\/index.php\/2016\/12\/29\/bancos-fecham-hoje-e-so-reabrem-segunda\/"},"modified":"2019-02-09T01:12:07","modified_gmt":"2019-02-09T03:12:07","slug":"bancos-fecham-hoje-e-so-reabrem-segunda","status":"publish","type":"post","link":"https:\/\/blogdoedvaldomagalhaes.com.br\/index.php\/2016\/12\/29\/bancos-fecham-hoje-e-so-reabrem-segunda\/","title":{"rendered":"Bancos fecham hoje e s\u00f3 reabrem segunda-feira (02)"},"content":{"rendered":"<div class=\"separator\" style=\"clear: both; text-align: center;\">\n<a href=\"https:\/\/4.bp.blogspot.com\/-n-hmHEaymtI\/WGTuYMADdKI\/AAAAAAAAMlk\/9__a24WXhvkAigSsWMDWyDRFttYbT9G5gCLcB\/s1600\/leno.jpg\" imageanchor=\"1\" style=\"margin-left: 1em; margin-right: 1em;\"><img loading=\"lazy\" decoding=\"async\" border=\"0\" height=\"243\" src=\"http:\/\/blogdoedvaldomagalhaes.com.br\/wp-content\/uploads\/2016\/12\/leno.jpg\" width=\"400\" \/><\/a><\/div>\n<div class=\"separator\" style=\"clear: both; text-align: center;\">\nFoto: Helenivaldo Pereira<\/div>\n<div style=\"color: #333333; font-family: &quot;Open Sans&quot;, sans-serif; font-size: 15px; list-style: none; text-align: justify;\">\n<\/div>\n<div style=\"list-style: none; text-align: justify;\">\nQuem precisar de atendimento banc\u00e1rio, deve se apressar, pois os bancos s\u00f3 t\u00eam expediente normal hoje. Nesta sexta-feira (30), todas as ag\u00eancias banc\u00e1rias do pa\u00eds estar\u00e3o fechadas e reabrem normalmente na segunda-feira, 2 de janeiro.<\/div>\n<div style=\"list-style: none; text-align: justify;\">\n&nbsp;<\/div>\n<div style=\"list-style: none; text-align: justify;\">\nContas com vencimento nesta sexta podem ser pagas na segunda sem incid\u00eancia de multa, mas o diretor Social do Sindicato dos Banc\u00e1rios de Caruaru, Rubem Soares, orienta a popula\u00e7\u00e3o a antecipar pagamentos.<\/div>\n<div style=\"list-style: none; text-align: justify;\">\n<\/div>\n<div style=\"list-style: none; text-align: justify;\">\nInforma\u00e7\u00f5es da R\u00e1dio Liberdade.<\/div>\n","protected":false},"excerpt":{"rendered":"<p>Foto: Helenivaldo Pereira Quem precisar de atendimento banc\u00e1rio, deve se apressar, pois os bancos s\u00f3 t\u00eam expediente normal hoje. Nesta&hellip;<\/p>\n","protected":false},"author":1,"featured_media":0,"comment_status":"open","ping_status":"open","sticky":false,"template":"","format":"standard","meta":{"footnotes":""},"categories":[1],"tags":[10061,2,6,10062,10063],"class_list":["post-7228","post","type-post","status-publish","format-standard","hentry","category-sem-categoria","tag-bancos-fecham-hoje-e-so-reabrem-segunda-feira-02","tag-blog-do-edvaldo-magalhaes","tag-noticias","tag-rubem-soares","tag-sindicato-dos-bancarios-de-caruaru"],"_links":{"self":[{"href":"https:\/\/blogdoedvaldomagalhaes.com.br\/index.php\/wp-json\/wp\/v2\/posts\/7228","targetHints":{"allow":["GET"]}}],"collection":[{"href":"https:\/\/blogdoedvaldomagalhaes.com.br\/index.php\/wp-json\/wp\/v2\/posts"}],"about":[{"href":"https:\/\/blogdoedvaldomagalhaes.com.br\/index.php\/wp-json\/wp\/v2\/types\/post"}],"author":[{"embeddable":true,"href":"https:\/\/blogdoedvaldomagalhaes.com.br\/index.php\/wp-json\/wp\/v2\/users\/1"}],"replies":[{"embeddable":true,"href":"https:\/\/blogdoedvaldomagalhaes.com.br\/index.php\/wp-json\/wp\/v2\/comments?post=7228"}],"version-history":[{"count":1,"href":"https:\/\/blogdoedvaldomagalhaes.com.br\/index.php\/wp-json\/wp\/v2\/posts\/7228\/revisions"}],"predecessor-version":[{"id":15565,"href":"https:\/\/blogdoedvaldomagalhaes.com.br\/index.php\/wp-json\/wp\/v2\/posts\/7228\/revisions\/15565"}],"wp:attachment":[{"href":"https:\/\/blogdoedvaldomagalhaes.com.br\/index.php\/wp-json\/wp\/v2\/media?parent=7228"}],"wp:term":[{"taxonomy":"category","embeddable":true,"href":"https:\/\/blogdoedvaldomagalhaes.com.br\/index.php\/wp-json\/wp\/v2\/categories?post=7228"},{"taxonomy":"post_tag","embeddable":true,"href":"https:\/\/blogdoedvaldomagalhaes.com.br\/index.php\/wp-json\/wp\/v2\/tags?post=7228"}],"curies":[{"name":"wp","href":"https:\/\/api.w.org\/{rel}","templated":true}]}}