{"id":7221,"date":"2016-12-30T01:50:00","date_gmt":"2016-12-30T03:50:00","guid":{"rendered":"http:\/\/blogdoedvaldomagalhaes.com.br\/index.php\/2016\/12\/30\/atencao-motoristas-der-intensifica\/"},"modified":"2019-02-09T01:12:12","modified_gmt":"2019-02-09T03:12:12","slug":"atencao-motoristas-der-intensifica","status":"publish","type":"post","link":"https:\/\/blogdoedvaldomagalhaes.com.br\/index.php\/2016\/12\/30\/atencao-motoristas-der-intensifica\/","title":{"rendered":"Aten\u00e7\u00e3o motoristas: DER intensifica a\u00e7\u00f5es de fiscaliza\u00e7\u00e3o nas rodovias do Estado"},"content":{"rendered":"<div class=\"separator\" style=\"clear: both; text-align: center;\">\n<a href=\"https:\/\/2.bp.blogspot.com\/-ixmyIv_5kgk\/WGW9TABcm6I\/AAAAAAAAMoU\/DQKdwVxaviokj2P0HHb_MXBgfgbqB-MuQCLcB\/s1600\/der.jpg\" imageanchor=\"1\" style=\"margin-left: 1em; margin-right: 1em;\"><img loading=\"lazy\" decoding=\"async\" border=\"0\" height=\"243\" src=\"http:\/\/blogdoedvaldomagalhaes.com.br\/wp-content\/uploads\/2016\/12\/der.jpg\" width=\"400\" \/><\/a><\/div>\n<div class=\"separator\" style=\"clear: both; text-align: center;\">\nFiscaliza\u00e7\u00e3o intensificada nas rodovias<\/div>\n<div style=\"color: #333333; font-family: &quot;Open Sans&quot;, sans-serif; font-size: 15px; list-style: none; text-align: justify;\">\n<\/div>\n<div style=\"color: #333333; font-family: &quot;Open Sans&quot;, sans-serif; font-size: 15px; list-style: none; text-align: justify;\">\nPara dar mais tranquilidade e seguran\u00e7a para quem for utilizar as estradas pernambucanas neste fim de ano, o Departamento de Estradas de Rodagem (DER) intensifica a fiscaliza\u00e7\u00e3o a partir desta sexta-feira (30). A a\u00e7\u00e3o ser\u00e1 em realizada em parceria com diversos \u00f3rg\u00e3os.<\/div>\n<div style=\"color: #333333; font-family: &quot;Open Sans&quot;, sans-serif; font-size: 15px; list-style: none; text-align: justify;\">\n&nbsp;<\/div>\n<div style=\"color: #333333; font-family: &quot;Open Sans&quot;, sans-serif; font-size: 15px; list-style: none; text-align: justify;\">\nA fiscaliza\u00e7\u00e3o ser\u00e1 refor\u00e7ada por&nbsp; meio da&nbsp;Opera\u00e7\u00e3o Integrada, abrangendo todas as \u00e1reas do Estado, principalmente nas&nbsp;rodovias mais movimentadas: Agreste, Sert\u00e3o e Regi\u00e3o Metropolitana do Recife.&nbsp; Os trabalhos seguem at\u00e9 o final de janeiro de 2017.<\/div>\n<div style=\"color: #333333; font-family: &quot;Open Sans&quot;, sans-serif; font-size: 15px; list-style: none; text-align: justify;\">\n&nbsp;<\/div>\n<div style=\"color: #333333; font-family: &quot;Open Sans&quot;, sans-serif; font-size: 15px; list-style: none; text-align: justify;\">\nA parceria do DER nessas a\u00e7\u00f5es conta com as participa\u00e7\u00f5es do Detran-PE, do Bptran, do BPRv, da CTTU,&nbsp; da Diretoria de Tr\u00e2nsito e Transportes de Abreu e Lima, al\u00e9m da&nbsp;Autarquia Municipal de Defesa Social, Tr\u00e2nsito e Transportes de Caruaru (Destra), do&nbsp;SAMU e da Lei Seca (Secretaria Estadual de Sa\u00fade).<\/div>\n<div style=\"color: #333333; font-family: &quot;Open Sans&quot;, sans-serif; font-size: 15px; list-style: none; text-align: justify;\">\n<\/div>\n<div style=\"color: #333333; font-family: &quot;Open Sans&quot;, sans-serif; font-size: 15px; list-style: none; text-align: justify;\">\nInforma\u00e7\u00f5es da R\u00e1dio Liberdade.<\/div>\n","protected":false},"excerpt":{"rendered":"<p>Fiscaliza\u00e7\u00e3o intensificada nas rodovias Para dar mais tranquilidade e seguran\u00e7a para quem for utilizar as estradas pernambucanas neste fim de&hellip;<\/p>\n","protected":false},"author":1,"featured_media":0,"comment_status":"open","ping_status":"open","sticky":false,"template":"","format":"standard","meta":{"footnotes":""},"categories":[1],"tags":[10044,2,10045,10046,10047,2727,6010,6,10048,334],"class_list":["post-7221","post","type-post","status-publish","format-standard","hentry","category-sem-categoria","tag-atencao-motoristas-der-intensifica-acoes-de-fiscalizacao-nas-rodovias-do-estado","tag-blog-do-edvaldo-magalhaes","tag-bprv","tag-btran","tag-cttu","tag-detran","tag-lei-seca","tag-noticias","tag-operacao-integrada","tag-samu"],"_links":{"self":[{"href":"https:\/\/blogdoedvaldomagalhaes.com.br\/index.php\/wp-json\/wp\/v2\/posts\/7221","targetHints":{"allow":["GET"]}}],"collection":[{"href":"https:\/\/blogdoedvaldomagalhaes.com.br\/index.php\/wp-json\/wp\/v2\/posts"}],"about":[{"href":"https:\/\/blogdoedvaldomagalhaes.com.br\/index.php\/wp-json\/wp\/v2\/types\/post"}],"author":[{"embeddable":true,"href":"https:\/\/blogdoedvaldomagalhaes.com.br\/index.php\/wp-json\/wp\/v2\/users\/1"}],"replies":[{"embeddable":true,"href":"https:\/\/blogdoedvaldomagalhaes.com.br\/index.php\/wp-json\/wp\/v2\/comments?post=7221"}],"version-history":[{"count":1,"href":"https:\/\/blogdoedvaldomagalhaes.com.br\/index.php\/wp-json\/wp\/v2\/posts\/7221\/revisions"}],"predecessor-version":[{"id":15582,"href":"https:\/\/blogdoedvaldomagalhaes.com.br\/index.php\/wp-json\/wp\/v2\/posts\/7221\/revisions\/15582"}],"wp:attachment":[{"href":"https:\/\/blogdoedvaldomagalhaes.com.br\/index.php\/wp-json\/wp\/v2\/media?parent=7221"}],"wp:term":[{"taxonomy":"category","embeddable":true,"href":"https:\/\/blogdoedvaldomagalhaes.com.br\/index.php\/wp-json\/wp\/v2\/categories?post=7221"},{"taxonomy":"post_tag","embeddable":true,"href":"https:\/\/blogdoedvaldomagalhaes.com.br\/index.php\/wp-json\/wp\/v2\/tags?post=7221"}],"curies":[{"name":"wp","href":"https:\/\/api.w.org\/{rel}","templated":true}]}}