{"id":7211,"date":"2016-12-31T02:58:00","date_gmt":"2016-12-31T04:58:00","guid":{"rendered":"http:\/\/blogdoedvaldomagalhaes.com.br\/index.php\/2016\/12\/31\/popular-assaltado-e-brutalmente\/"},"modified":"2019-02-09T01:12:17","modified_gmt":"2019-02-09T03:12:17","slug":"popular-assaltado-e-brutalmente","status":"publish","type":"post","link":"https:\/\/blogdoedvaldomagalhaes.com.br\/index.php\/2016\/12\/31\/popular-assaltado-e-brutalmente\/","title":{"rendered":"Popular assaltado e brutalmente espancado a golpes de barra de ferro em Caruaru"},"content":{"rendered":"<div class=\"separator\" style=\"clear: both; text-align: center;\">\n<a href=\"https:\/\/1.bp.blogspot.com\/-SM_GfkbEYUk\/WGces86I6sI\/AAAAAAAAMro\/okKKZlbX7Kwu-IxJrn0F-EPnIKIuExsmwCLcB\/s1600\/hra.JPG\" imageanchor=\"1\" style=\"margin-left: 1em; margin-right: 1em;\"><img loading=\"lazy\" decoding=\"async\" border=\"0\" height=\"265\" src=\"http:\/\/blogdoedvaldomagalhaes.com.br\/wp-content\/uploads\/2016\/12\/hra-2.jpg\" width=\"400\" \/><\/a><\/div>\n<div class=\"MsoNormal\" style=\"background-color: white; color: #222222; font-family: Arial, Tahoma, Helvetica, FreeSans, sans-serif; font-size: 13.2px; text-align: justify;\">\n<\/div>\n<div class=\"MsoNormal\" style=\"background-color: white; color: #222222; font-family: Arial, Tahoma, Helvetica, FreeSans, sans-serif; font-size: 13.2px; text-align: justify;\">\nO Samu (Servi\u00e7o de Atendimento M\u00f3vel de Urg\u00eancia) foi acionado na tarde desta sexta-feira (30) para atender um homem que teria sofrido uma queda na Feira do Milho, no Parque 18 de Maio, os socorristas Adriano e Lourival foram ao local, onde se depararam com outra situa\u00e7\u00e3o, a v\u00edtima,<b>&nbsp;Jurandir Claudino da Silva<\/b>, de aproximadamente 40 anos, estava ca\u00eddo ap\u00f3s ter sido atingido com v\u00e1rios golpes de barra de ferro.<\/div>\n<div class=\"MsoNormal\" style=\"background-color: white; color: #222222; font-family: Arial, Tahoma, Helvetica, FreeSans, sans-serif; font-size: 13.2px; text-align: justify;\">\n<\/div>\n<div class=\"MsoNormal\" style=\"background-color: white; color: #222222; font-family: Arial, Tahoma, Helvetica, FreeSans, sans-serif; font-size: 13.2px; text-align: justify;\">\nA v\u00edtima chegou no Hospital Regional do Agreste consciente, mas o socorrista Adriano informou que o seu quadro cl\u00ednico \u00e9 est\u00e1vel, no entanto inspira cuidados pelo fato de ter sofrido v\u00e1rios golpes na cabe\u00e7a. Populares disseram que o popular foi assaltado e agredido pelos mesmos meliantes que esfaquearam um zelador dos banheiros do a\u00e7ougue.<\/div>\n","protected":false},"excerpt":{"rendered":"<p>O Samu (Servi\u00e7o de Atendimento M\u00f3vel de Urg\u00eancia) foi acionado na tarde desta sexta-feira (30) para atender um homem que&hellip;<\/p>\n","protected":false},"author":1,"featured_media":0,"comment_status":"open","ping_status":"open","sticky":false,"template":"","format":"standard","meta":{"footnotes":""},"categories":[1],"tags":[2,2083,2407,13,10027,334],"class_list":["post-7211","post","type-post","status-publish","format-standard","hentry","category-sem-categoria","tag-blog-do-edvaldo-magalhaes","tag-hra","tag-parque-18-de-maio","tag-policial","tag-popular-assaltado-e-brutalmente-espancado-a-golpes-de-barra-de-ferro-em-caruaru","tag-samu"],"_links":{"self":[{"href":"https:\/\/blogdoedvaldomagalhaes.com.br\/index.php\/wp-json\/wp\/v2\/posts\/7211","targetHints":{"allow":["GET"]}}],"collection":[{"href":"https:\/\/blogdoedvaldomagalhaes.com.br\/index.php\/wp-json\/wp\/v2\/posts"}],"about":[{"href":"https:\/\/blogdoedvaldomagalhaes.com.br\/index.php\/wp-json\/wp\/v2\/types\/post"}],"author":[{"embeddable":true,"href":"https:\/\/blogdoedvaldomagalhaes.com.br\/index.php\/wp-json\/wp\/v2\/users\/1"}],"replies":[{"embeddable":true,"href":"https:\/\/blogdoedvaldomagalhaes.com.br\/index.php\/wp-json\/wp\/v2\/comments?post=7211"}],"version-history":[{"count":1,"href":"https:\/\/blogdoedvaldomagalhaes.com.br\/index.php\/wp-json\/wp\/v2\/posts\/7211\/revisions"}],"predecessor-version":[{"id":15605,"href":"https:\/\/blogdoedvaldomagalhaes.com.br\/index.php\/wp-json\/wp\/v2\/posts\/7211\/revisions\/15605"}],"wp:attachment":[{"href":"https:\/\/blogdoedvaldomagalhaes.com.br\/index.php\/wp-json\/wp\/v2\/media?parent=7211"}],"wp:term":[{"taxonomy":"category","embeddable":true,"href":"https:\/\/blogdoedvaldomagalhaes.com.br\/index.php\/wp-json\/wp\/v2\/categories?post=7211"},{"taxonomy":"post_tag","embeddable":true,"href":"https:\/\/blogdoedvaldomagalhaes.com.br\/index.php\/wp-json\/wp\/v2\/tags?post=7211"}],"curies":[{"name":"wp","href":"https:\/\/api.w.org\/{rel}","templated":true}]}}