{"id":7209,"date":"2016-12-31T03:15:00","date_gmt":"2016-12-31T05:15:00","guid":{"rendered":"http:\/\/blogdoedvaldomagalhaes.com.br\/index.php\/2016\/12\/31\/tres-caruaruenses-participam-da-corrida\/"},"modified":"2019-02-09T01:12:17","modified_gmt":"2019-02-09T03:12:17","slug":"tres-caruaruenses-participam-da-corrida","status":"publish","type":"post","link":"https:\/\/blogdoedvaldomagalhaes.com.br\/index.php\/2016\/12\/31\/tres-caruaruenses-participam-da-corrida\/","title":{"rendered":"Tr\u00eas caruaruenses participam da Corrida de S\u00e3o Silvestre"},"content":{"rendered":"<div class=\"separator\" style=\"clear: both; text-align: center;\">\n<a href=\"https:\/\/4.bp.blogspot.com\/-wzuo3osjq-E\/WGcitcQyrgI\/AAAAAAAAMsA\/76LJJWbeGnwyExRixNIXq32BisorNce7ACLcB\/s1600\/corrida.jpg\" imageanchor=\"1\" style=\"margin-left: 1em; margin-right: 1em;\"><img loading=\"lazy\" decoding=\"async\" border=\"0\" height=\"262\" src=\"http:\/\/blogdoedvaldomagalhaes.com.br\/wp-content\/uploads\/2016\/12\/corrida.jpg\" width=\"400\" \/><\/a><\/div>\n<div style=\"color: #333333; font-family: &quot;Open Sans&quot;, sans-serif; font-size: 15px; list-style: none; text-align: justify;\">\n<\/div>\n<div style=\"list-style: none; text-align: justify;\">\nSer\u00e1 realizada neste s\u00e1bado (31), em S\u00e3o Paulo, a tradicional Corrida de S\u00e3o Silvestre. A cidade de Caruaru far\u00e1 parte da festa com tr\u00eas representantes: Gomes, Luciene Rocha e Luiz M\u00e1rio Barbosa.<\/div>\n<div style=\"list-style: none; text-align: justify;\">\n<\/div>\n<div style=\"list-style: none; text-align: justify;\">\nA corrida ter\u00e1 um percurso de 15 quil\u00f4metros, com aproximadamente 30 mil participantes. A largada ser\u00e1 na Avenida Paulista.<\/div>\n<div style=\"list-style: none; text-align: justify;\">\n<\/div>\n<div style=\"list-style: none; text-align: justify;\">\nOs primeiros ser\u00e3o os cadeirantes, \u00e0s 7h20, pelo hor\u00e1rio de Pernambuco. Em seguida, \u00e0s 7h40, sair\u00e1 a elite feminina. \u00c0s 8h ser\u00e1 a vez da elite masculina, al\u00e9m de atletas com defici\u00eancia e o pelot\u00e3o geral.<\/div>\n","protected":false},"excerpt":{"rendered":"<p>Ser\u00e1 realizada neste s\u00e1bado (31), em S\u00e3o Paulo, a tradicional Corrida de S\u00e3o Silvestre. A cidade de Caruaru far\u00e1 parte&hellip;<\/p>\n","protected":false},"author":1,"featured_media":0,"comment_status":"open","ping_status":"open","sticky":false,"template":"","format":"standard","meta":{"footnotes":""},"categories":[1],"tags":[2,10023,10024,6,10025],"class_list":["post-7209","post","type-post","status-publish","format-standard","hentry","category-sem-categoria","tag-blog-do-edvaldo-magalhaes","tag-luciene-rocha","tag-luiz-mario-barbosa","tag-noticias","tag-tres-caruaruenses-participam-da-corrida-de-sao-silvestre"],"_links":{"self":[{"href":"https:\/\/blogdoedvaldomagalhaes.com.br\/index.php\/wp-json\/wp\/v2\/posts\/7209","targetHints":{"allow":["GET"]}}],"collection":[{"href":"https:\/\/blogdoedvaldomagalhaes.com.br\/index.php\/wp-json\/wp\/v2\/posts"}],"about":[{"href":"https:\/\/blogdoedvaldomagalhaes.com.br\/index.php\/wp-json\/wp\/v2\/types\/post"}],"author":[{"embeddable":true,"href":"https:\/\/blogdoedvaldomagalhaes.com.br\/index.php\/wp-json\/wp\/v2\/users\/1"}],"replies":[{"embeddable":true,"href":"https:\/\/blogdoedvaldomagalhaes.com.br\/index.php\/wp-json\/wp\/v2\/comments?post=7209"}],"version-history":[{"count":1,"href":"https:\/\/blogdoedvaldomagalhaes.com.br\/index.php\/wp-json\/wp\/v2\/posts\/7209\/revisions"}],"predecessor-version":[{"id":15609,"href":"https:\/\/blogdoedvaldomagalhaes.com.br\/index.php\/wp-json\/wp\/v2\/posts\/7209\/revisions\/15609"}],"wp:attachment":[{"href":"https:\/\/blogdoedvaldomagalhaes.com.br\/index.php\/wp-json\/wp\/v2\/media?parent=7209"}],"wp:term":[{"taxonomy":"category","embeddable":true,"href":"https:\/\/blogdoedvaldomagalhaes.com.br\/index.php\/wp-json\/wp\/v2\/categories?post=7209"},{"taxonomy":"post_tag","embeddable":true,"href":"https:\/\/blogdoedvaldomagalhaes.com.br\/index.php\/wp-json\/wp\/v2\/tags?post=7209"}],"curies":[{"name":"wp","href":"https:\/\/api.w.org\/{rel}","templated":true}]}}