{"id":7208,"date":"2016-12-31T12:30:00","date_gmt":"2016-12-31T14:30:00","guid":{"rendered":"http:\/\/blogdoedvaldomagalhaes.com.br\/index.php\/2016\/12\/31\/sismuc-conquista-na-justica-garantia-do\/"},"modified":"2019-02-09T01:12:18","modified_gmt":"2019-02-09T03:12:18","slug":"sismuc-conquista-na-justica-garantia-do","status":"publish","type":"post","link":"https:\/\/blogdoedvaldomagalhaes.com.br\/index.php\/2016\/12\/31\/sismuc-conquista-na-justica-garantia-do\/","title":{"rendered":"Sismuc conquista na justi\u00e7a garantia do pagamento do 1\/3 de f\u00e9rias aos servidores"},"content":{"rendered":"<div style=\"background-color: white; border: 0px; margin-bottom: 1.5em; outline: 0px; padding: 0px; text-align: justify; vertical-align: baseline;\">\n<div class=\"separator\" style=\"clear: both; text-align: center;\">\n<a href=\"https:\/\/3.bp.blogspot.com\/-TRn3zkgT12g\/WGesqOD8QGI\/AAAAAAAAMtI\/26MpJXPhO3gGv3WGM_3Wi1mh_hDduJTVwCLcB\/s1600\/sismuc.jpg\" imageanchor=\"1\" style=\"margin-left: 1em; margin-right: 1em;\"><img loading=\"lazy\" decoding=\"async\" border=\"0\" height=\"182\" src=\"http:\/\/blogdoedvaldomagalhaes.com.br\/wp-content\/uploads\/2016\/12\/sismuc-1.jpg\" width=\"400\" \/><\/a><\/div>\n<p>\nO Sismuc Regional por interm\u00e9dio do do seu departamento jur\u00eddico, ingressou com Mandado de Seguran\u00e7a Preventivo com pedido&nbsp;Liminar, contra o Munic\u00edpio de Caruaru, no sentido de garantir 1\/3 das f\u00e9rias dos servidores, uma vez que o Munic\u00edpio em ano anterior n\u00e3o pagou e foi necess\u00e1rio o departamento jur\u00eddico ingressar medida para garantir esse direito. &nbsp;<\/div>\n<div style=\"background-color: white; border: 0px; margin-bottom: 1.5em; outline: 0px; padding: 0px; text-align: justify; vertical-align: baseline;\">\nAinda segundo o Sismuc, ap\u00f3s despacho do Juiz da 1\u00aa Vara da Fazenda P\u00fablica, Jos\u00e9 Fernando Santos, houve a determina\u00e7\u00e3o para que a gest\u00e3o fornecesse explica\u00e7\u00f5es quanto ao pleito requerido no prazo de 72h, no que foi de pronto atendido, e assim ficou garantido o direito que se buscava para os servidores municipais.<\/div>\n<div style=\"background-color: white; border: 0px; margin-bottom: 1.5em; outline: 0px; padding: 0px; text-align: justify; vertical-align: baseline;\">\nSegundo o Presidente do Sismuc, Eduardo Mendon\u00e7a, \u201cuma vit\u00f3ria do sindicato, pelo seu Departamento Jur\u00eddico, e principalmente para os servidores de forma antecipada. Fechamos o ano com muitas vit\u00f3rias, sendo essa talvez a mais importante\u201d, conclui Eduardo.<\/div>\n","protected":false},"excerpt":{"rendered":"<p>O Sismuc Regional por interm\u00e9dio do do seu departamento jur\u00eddico, ingressou com Mandado de Seguran\u00e7a Preventivo com pedido&nbsp;Liminar, contra o&hellip;<\/p>\n","protected":false},"author":1,"featured_media":0,"comment_status":"open","ping_status":"open","sticky":false,"template":"","format":"standard","meta":{"footnotes":""},"categories":[1],"tags":[2,3236,6,10022],"class_list":["post-7208","post","type-post","status-publish","format-standard","hentry","category-sem-categoria","tag-blog-do-edvaldo-magalhaes","tag-eduardo-mendonca","tag-noticias","tag-sismuc-conquista-na-justica-garantia-do-pagamento-do-1-3-de-ferias-aos-servidores"],"_links":{"self":[{"href":"https:\/\/blogdoedvaldomagalhaes.com.br\/index.php\/wp-json\/wp\/v2\/posts\/7208","targetHints":{"allow":["GET"]}}],"collection":[{"href":"https:\/\/blogdoedvaldomagalhaes.com.br\/index.php\/wp-json\/wp\/v2\/posts"}],"about":[{"href":"https:\/\/blogdoedvaldomagalhaes.com.br\/index.php\/wp-json\/wp\/v2\/types\/post"}],"author":[{"embeddable":true,"href":"https:\/\/blogdoedvaldomagalhaes.com.br\/index.php\/wp-json\/wp\/v2\/users\/1"}],"replies":[{"embeddable":true,"href":"https:\/\/blogdoedvaldomagalhaes.com.br\/index.php\/wp-json\/wp\/v2\/comments?post=7208"}],"version-history":[{"count":1,"href":"https:\/\/blogdoedvaldomagalhaes.com.br\/index.php\/wp-json\/wp\/v2\/posts\/7208\/revisions"}],"predecessor-version":[{"id":15611,"href":"https:\/\/blogdoedvaldomagalhaes.com.br\/index.php\/wp-json\/wp\/v2\/posts\/7208\/revisions\/15611"}],"wp:attachment":[{"href":"https:\/\/blogdoedvaldomagalhaes.com.br\/index.php\/wp-json\/wp\/v2\/media?parent=7208"}],"wp:term":[{"taxonomy":"category","embeddable":true,"href":"https:\/\/blogdoedvaldomagalhaes.com.br\/index.php\/wp-json\/wp\/v2\/categories?post=7208"},{"taxonomy":"post_tag","embeddable":true,"href":"https:\/\/blogdoedvaldomagalhaes.com.br\/index.php\/wp-json\/wp\/v2\/tags?post=7208"}],"curies":[{"name":"wp","href":"https:\/\/api.w.org\/{rel}","templated":true}]}}