{"id":72,"date":"2019-02-01T10:52:00","date_gmt":"2019-02-01T12:52:00","guid":{"rendered":"http:\/\/blogdoedvaldomagalhaes.com.br\/index.php\/2019\/02\/01\/associacao-dos-sulanqueiros-de-caruaru\/"},"modified":"2019-02-09T02:51:34","modified_gmt":"2019-02-09T04:51:34","slug":"associacao-dos-sulanqueiros-de-caruaru","status":"publish","type":"post","link":"https:\/\/blogdoedvaldomagalhaes.com.br\/index.php\/2019\/02\/01\/associacao-dos-sulanqueiros-de-caruaru\/","title":{"rendered":"Associa\u00e7\u00e3o dos Sulanqueiros de Caruaru pede informa\u00e7\u00f5es sobre cronograma de requalifica\u00e7\u00e3o do Parque 18 de Maio"},"content":{"rendered":"<div class=\"separator\" style=\"clear: both; text-align: center;\">\n<a href=\"https:\/\/2.bp.blogspot.com\/-e1HaEq8TR2s\/XFQdXX5z-yI\/AAAAAAABB3o\/BXJmTsW4JdY0T-A_E6jVLIJ8x8v1DsZJwCLcBGAs\/s1600\/IMG-20190131-WA0213.jpg\" imageanchor=\"1\" style=\"margin-left: 1em; margin-right: 1em;\"><img loading=\"lazy\" decoding=\"async\" border=\"0\" data-original-height=\"864\" data-original-width=\"1152\" height=\"480\" src=\"http:\/\/blogdoedvaldomagalhaes.com.br\/wp-content\/uploads\/2019\/02\/IMG-20190131-WA0213.jpg\" width=\"640\" \/><\/a><\/div>\n<p><\/p>\n<div style=\"text-align: justify;\">\nO presidente da Associa\u00e7\u00e3o dos Sulanqueiros de Caruaru, Pedro Moura, enviou um of\u00edcio \u00e0 Prefeitura de Caruaru, pedindo informa\u00e7\u00f5es sobre o projeto de requalifica\u00e7\u00e3o do Parque 18 de Maio. De acordo com a associa\u00e7\u00e3o, as obras foram iniciadas, mas est\u00e3o atrasadas.<\/div>\n<div style=\"text-align: justify;\">\n<\/div>\n<div style=\"text-align: justify;\">\nA prefeitura iniciou uma pesquisa na Feira da Sulanca, e garante que que esta \u00e9 diferente de todas as outras j\u00e1 realizadas, onde est\u00e1 ouvindo feirantes e o consumidor, para conhecer melhor os problemas, demandas, oportunidades e solu\u00e7\u00f5es.&nbsp;<\/div>\n<div style=\"text-align: justify;\">\n<\/div>\n<div style=\"text-align: justify;\">\nA pesquisa trabalha os <b>aspectos econ\u00f4micos<\/b> (de onde vem a produ\u00e7\u00e3o, se o feirante vende para o atacado ou varejo, qual o principal segmento da confec\u00e7\u00e3o comprado pelo cliente, entre outros), <b>aspectos sociais<\/b> (perfil das pessoas \u00b4por sexo, idade e grau de escolaridade, entre outros), <b>aspectos de infraestrutura <\/b>(estacionamento, limpeza, ilumina\u00e7\u00e3o, seguran\u00e7a, entre outros).<\/p>\n<p>A prefeitura informou que o trabalho tem previs\u00e3o de ser conclu\u00eddo ainda no primeiro semestre, e \u00e9 composto pela realiza\u00e7\u00e3o de uma pesquisa qualitativa, quantitativa e um censo. Ap\u00f3s o diagn\u00f3stico da pesquisa, ser\u00e1 realizado um estudo de viabilidade que subsidiar\u00e1 a prefeitura na concretiza\u00e7\u00e3o&nbsp; do projeto de futuro da feira,&nbsp; ou seja, se sai ou n\u00e3o do Parque 18 de Maio. A prefeitura pagar\u00e1 cerca de R$ 370 mil reais a empresa contratada.&nbsp;<\/p>\n<p><\/div>\n<div style=\"text-align: justify;\">\n<\/div>\n","protected":false},"excerpt":{"rendered":"<p>O presidente da Associa\u00e7\u00e3o dos Sulanqueiros de Caruaru, Pedro Moura, enviou um of\u00edcio \u00e0 Prefeitura de Caruaru, pedindo informa\u00e7\u00f5es sobre&hellip;<\/p>\n","protected":false},"author":1,"featured_media":0,"comment_status":"open","ping_status":"open","sticky":false,"template":"","format":"standard","meta":{"footnotes":""},"categories":[1],"tags":[79,2,6],"class_list":["post-72","post","type-post","status-publish","format-standard","hentry","category-sem-categoria","tag-associacao-dos-sulanqueiros-de-caruaru-pede-informacoes-sobre-cronograma-de-requalificacao-do-parque-18-de-maio","tag-blog-do-edvaldo-magalhaes","tag-noticias"],"_links":{"self":[{"href":"https:\/\/blogdoedvaldomagalhaes.com.br\/index.php\/wp-json\/wp\/v2\/posts\/72","targetHints":{"allow":["GET"]}}],"collection":[{"href":"https:\/\/blogdoedvaldomagalhaes.com.br\/index.php\/wp-json\/wp\/v2\/posts"}],"about":[{"href":"https:\/\/blogdoedvaldomagalhaes.com.br\/index.php\/wp-json\/wp\/v2\/types\/post"}],"author":[{"embeddable":true,"href":"https:\/\/blogdoedvaldomagalhaes.com.br\/index.php\/wp-json\/wp\/v2\/users\/1"}],"replies":[{"embeddable":true,"href":"https:\/\/blogdoedvaldomagalhaes.com.br\/index.php\/wp-json\/wp\/v2\/comments?post=72"}],"version-history":[{"count":1,"href":"https:\/\/blogdoedvaldomagalhaes.com.br\/index.php\/wp-json\/wp\/v2\/posts\/72\/revisions"}],"predecessor-version":[{"id":37894,"href":"https:\/\/blogdoedvaldomagalhaes.com.br\/index.php\/wp-json\/wp\/v2\/posts\/72\/revisions\/37894"}],"wp:attachment":[{"href":"https:\/\/blogdoedvaldomagalhaes.com.br\/index.php\/wp-json\/wp\/v2\/media?parent=72"}],"wp:term":[{"taxonomy":"category","embeddable":true,"href":"https:\/\/blogdoedvaldomagalhaes.com.br\/index.php\/wp-json\/wp\/v2\/categories?post=72"},{"taxonomy":"post_tag","embeddable":true,"href":"https:\/\/blogdoedvaldomagalhaes.com.br\/index.php\/wp-json\/wp\/v2\/tags?post=72"}],"curies":[{"name":"wp","href":"https:\/\/api.w.org\/{rel}","templated":true}]}}