{"id":71981,"date":"2021-07-12T20:06:57","date_gmt":"2021-07-12T23:06:57","guid":{"rendered":"https:\/\/blogdoedvaldomagalhaes.com.br\/?p=71981"},"modified":"2021-07-12T21:00:08","modified_gmt":"2021-07-13T00:00:08","slug":"pernambuco-tem-menos-de-mil-pacientes-em-utis-covid","status":"publish","type":"post","link":"https:\/\/blogdoedvaldomagalhaes.com.br\/index.php\/2021\/07\/12\/pernambuco-tem-menos-de-mil-pacientes-em-utis-covid\/","title":{"rendered":"Pernambuco tem menos de mil pacientes em UTIs Covid"},"content":{"rendered":"<p style=\"text-align: justify;\">O governador Paulo C\u00e2mara anunciou, nesta segunda-feira (12.07), que Pernambuco registra menos de mil pessoas internadas com o novo coronav\u00edrus em leitos de UTI, o menor \u00edndice desde mar\u00e7o deste ano. Foram contabilizados, hoje, 988 pacientes necessitando de terapia intensiva no Estado. No dia 5 de mar\u00e7o houve o \u00faltimo registro de um n\u00famero abaixo de mil, quando 996 pessoas ocupavam leitos de UTI.<\/p>\n<p style=\"text-align: justify;\">Paulo C\u00e2mara tamb\u00e9m destacou outros indicadores de melhoria do cen\u00e1rio da pandemia no Estado. \u201cNossa taxa de ocupa\u00e7\u00e3o nos leitos de terapia intensiva caiu para 61%. O n\u00famero mais baixo desde setembro de 2020. Com isso, s\u00e3o mais de 600 leitos dispon\u00edveis em todas as regi\u00f5es de Pernambuco\u201d, apontou.<\/p>\n<p style=\"text-align: justify;\">O governador destacou ainda que de acordo com relat\u00f3rio semanal da Organiza\u00e7\u00e3o Panamericana de Sa\u00fade, divulgado no \u00faltimo final de semana, Pernambuco encerrou o primeiro semestre de 2021 com a segunda menor taxa de mortalidade entre os Estados brasileiros. \u201cTudo isso \u00e9 fruto de muito trabalho para colocar em funcionamento a maior rede de UTIs das regi\u00f5es Norte, Nordeste e Centro-Oeste, al\u00e9m das medidas restritivas que agora est\u00e3o sendo progressivamente diminu\u00eddas e do avan\u00e7o da vacina\u00e7\u00e3o\u201d, argumentou.<\/p>\n<p style=\"text-align: justify;\">Por \u00faltimo, Paulo C\u00e2mara voltou a insistir que, apesar da melhora nos \u00edndices, os pernambucanos n\u00e3o devem descuidar das medidas preventivas contra a Covid-19. \u201cMantenha a preven\u00e7\u00e3o usando m\u00e1scara. Evite aglomera\u00e7\u00f5es. Se chegou o seu grupo na vacina\u00e7\u00e3o, informe-se como proceder na Secretaria de Sa\u00fade do seu munic\u00edpio e ajude parentes e amigos a fazer o mesmo. A pandemia n\u00e3o acabou. Vamos continuar nos cuidando\u201d, concluiu.<\/p>\n<p style=\"text-align: justify;\"><span lang=\"PT\">Pernambuco j\u00e1 aplicou 4.920.567 doses de vacinas contra a Covid-19 na sua popula\u00e7\u00e3o, desde o in\u00edcio da campanha de imuniza\u00e7\u00e3o no Estado. Desse total, 1.293.969 pernambucanos completaram seus esquemas vacinais, sendo 1.143.979 pessoas que foram vacinadas com imunizantes aplicados em duas doses e outros 149.990 pernambucanos que foram contemplados com vacina aplicada em dose \u00fanica.<\/span><\/p>\n<p style=\"text-align: justify;\"><span lang=\"PT\">Em rela\u00e7\u00e3o \u00e0s primeiras doses, foram 3.626.598 aplica\u00e7\u00f5es. Ao todo, foram feitas a primeira dose em 311.406 trabalhadores de sa\u00fade; 26.073 povos ind\u00edgenas aldeados; 43.368 em comunidades quilombolas; 7.700 idosos em Institui\u00e7\u00f5es de Longa Perman\u00eancia; 673.429 idosos de 60 a 69 anos; 603.128 idosos de 70 e mais; 2.463 pessoas com defici\u00eancia institucionalizadas; 401.832 pessoas com comorbidades; 31.929 pessoas com defici\u00eancia permanente; 59.909 gestantes e pu\u00e9rperas; 334.033 trabalhadores de servi\u00e7os essenciais; 1.331 pessoas em situa\u00e7\u00e3o de rua; 25.308 pessoas privadas de liberdade, al\u00e9m de 1.104.689 pessoas de 18 a 59 anos.<\/span><\/p>\n<p style=\"text-align: justify;\"><span lang=\"PT\">Em rela\u00e7\u00e3o \u00e0s segundas doses, j\u00e1 foram beneficiados 226.813 trabalhadores de sa\u00fade; 25.804 povos ind\u00edgenas aldeados; 26.034 em comunidades quilombolas; 5.884 idosos institucionalizados; 343.930 idosos de 60 a 69 anos; 503.432 idosos de 70 anos e mais; 1.191 pessoas com defici\u00eancia institucionalizadas; 5.129 pessoas com comorbidades; 171 pessoas com defici\u00eancia permanente; 5.591 trabalhadores de servi\u00e7os essenciais; totalizando 1.143.979 pernambucanos.<\/span><\/p>\n<p style=\"text-align: justify;\"><span lang=\"PT\">Em rela\u00e7\u00e3o \u00e0 dose \u00fanica, foram beneficiadas 1.706 idosos de 60 a 69 anos; 2.795 idosos de 70 anos e mais; 1.233 pessoas com comorbidades; 180 pessoas com defici\u00eancia permanente; 10.089 trabalhadores de servi\u00e7os essenciais; 405 pessoas em situa\u00e7\u00e3o de rua, al\u00e9m de 133.582 pessoas de 18 a 59 anos.<\/span><\/p>\n","protected":false},"excerpt":{"rendered":"<p>O governador Paulo C\u00e2mara anunciou, nesta segunda-feira (12.07), que Pernambuco registra menos de mil pessoas internadas com o novo coronav\u00edrus&hellip;<\/p>\n","protected":false},"author":1,"featured_media":71982,"comment_status":"open","ping_status":"open","sticky":false,"template":"","format":"standard","meta":{"footnotes":""},"categories":[14120],"tags":[2,19532,1950,19670,22160],"class_list":["post-71981","post","type-post","status-publish","format-standard","has-post-thumbnail","hentry","category-noticias","tag-blog-do-edvaldo-magalhaes","tag-blog-mais-acessado-e-visualizado-de-caruaru-e-regiao","tag-noticias-de-caruaru","tag-novo-coronavirus","tag-pernambuco-tem-menos-de-mil-pacientes-em-utis-covid"],"_links":{"self":[{"href":"https:\/\/blogdoedvaldomagalhaes.com.br\/index.php\/wp-json\/wp\/v2\/posts\/71981","targetHints":{"allow":["GET"]}}],"collection":[{"href":"https:\/\/blogdoedvaldomagalhaes.com.br\/index.php\/wp-json\/wp\/v2\/posts"}],"about":[{"href":"https:\/\/blogdoedvaldomagalhaes.com.br\/index.php\/wp-json\/wp\/v2\/types\/post"}],"author":[{"embeddable":true,"href":"https:\/\/blogdoedvaldomagalhaes.com.br\/index.php\/wp-json\/wp\/v2\/users\/1"}],"replies":[{"embeddable":true,"href":"https:\/\/blogdoedvaldomagalhaes.com.br\/index.php\/wp-json\/wp\/v2\/comments?post=71981"}],"version-history":[{"count":2,"href":"https:\/\/blogdoedvaldomagalhaes.com.br\/index.php\/wp-json\/wp\/v2\/posts\/71981\/revisions"}],"predecessor-version":[{"id":71984,"href":"https:\/\/blogdoedvaldomagalhaes.com.br\/index.php\/wp-json\/wp\/v2\/posts\/71981\/revisions\/71984"}],"wp:featuredmedia":[{"embeddable":true,"href":"https:\/\/blogdoedvaldomagalhaes.com.br\/index.php\/wp-json\/wp\/v2\/media\/71982"}],"wp:attachment":[{"href":"https:\/\/blogdoedvaldomagalhaes.com.br\/index.php\/wp-json\/wp\/v2\/media?parent=71981"}],"wp:term":[{"taxonomy":"category","embeddable":true,"href":"https:\/\/blogdoedvaldomagalhaes.com.br\/index.php\/wp-json\/wp\/v2\/categories?post=71981"},{"taxonomy":"post_tag","embeddable":true,"href":"https:\/\/blogdoedvaldomagalhaes.com.br\/index.php\/wp-json\/wp\/v2\/tags?post=71981"}],"curies":[{"name":"wp","href":"https:\/\/api.w.org\/{rel}","templated":true}]}}